{"id":62,"date":"2024-05-10T10:48:00","date_gmt":"2024-05-10T08:48:00","guid":{"rendered":"http:\/\/juzbado.es\/nuevaweb\/2024\/05\/10\/juzbado-participa-en-campus-rural\/"},"modified":"2024-05-10T10:48:00","modified_gmt":"2024-05-10T08:48:00","slug":"juzbado-participa-en-campus-rural","status":"publish","type":"post","link":"https:\/\/juzbado.es\/nuevaweb\/2024\/05\/10\/juzbado-participa-en-campus-rural\/","title":{"rendered":"JUZBADO PARTICIPA EN CAMPUS RURAL"},"content":{"rendered":"<p style=\"line-height: normal; margin-bottom: 0cm; text-align: justify;\"><span style=\"font-size: medium;\"><span style=\"font-family: arial;\">El <b>Municipio de Juzbado<\/b> ha sido<br \/>\nseleccionado un a\u00f1o m\u00e1s para participar en el <b>programa Campus Rural<\/b>.<span>&nbsp; <\/span>El <a href=\"https:\/\/empleo.usal.es\/practicas\/convocatorias-practicas.php?id=553\" target=\"_blank\">Programa Campus Rural<\/a> es una iniciativa<br \/>\ndesarrollada por el <a href=\"https:\/\/www.miteco.gob.es\/es.html\" target=\"_blank\">Ministerio para la Transici\u00f3n Ecol\u00f3gica y el RetoDemogr\u00e1fico<\/a> (MITERD), en colaboraci\u00f3n con el <a href=\"https:\/\/www.ciencia.gob.es\/\" target=\"_blank\">Ministerio de Ciencia, Innovaci\u00f3ny Universidades<\/a>, la <a href=\"https:\/\/www.crue.org\/\" target=\"_blank\">Conferencia de Rectores de Universidades Espa\u00f1olas (CRUE)<\/a>,<br \/>\nque permite a los universitarios de cualquier titulaci\u00f3n oficial realizar<br \/>\npr\u00e1cticas formativas en entornos rurales.<span>&nbsp;&nbsp;<\/span><\/span><\/span><\/p>\n<p style=\"line-height: normal; margin-bottom: 0cm; text-align: justify;\"><span style=\"font-size: medium;\"><span style=\"font-family: arial;\"><\/span><\/span><\/p>\n<div style=\"clear: both; text-align: center;\"><span style=\"font-size: medium;\"><a href=\"https:\/\/empleo.usal.es\/practicas\/convocatorias-practicas.php?id=553\" style=\"margin-left: 1em; margin-right: 1em;\" target=\"_blank\"><img loading=\"lazy\" decoding=\"async\" alt=\"Juzbado, Campusa rural 2024, CRUE, Reto Demogr\u00e1fico\" border=\"0\" data-original-height=\"600\" data-original-width=\"600\" height=\"640\" src=\"https:\/\/blogger.googleusercontent.com\/img\/b\/R29vZ2xl\/AVvXsEifx9z3hlxO0BeDxNF88tG6h2LchyphenhyphenmRLIyuYMxijm7FRJgBUnBP-QlesUAfhMvC22oJx_bNgLA41MM7734QdzJrrpOOK6KHcuMQ_lTc2KIPrQByiFwEBnkm5119LfJasDjsNF0PT-6zm-Q3AENQauopWZsWFlBBBYDFAaMSfpYVYpCeklfSD-J020AAE4k\/w640-h640\/Juzbado%20campus%20rural%202024.webp\" title=\"Juzbado, Campusa rural 2024, CRUE, Reto Demogr\u00e1fico\" width=\"640\" \/><\/a><\/span><\/div>\n<p><span style=\"font-size: medium;\"><br \/><span><\/span>Se trata de una propuesta dirigida a municipios<br \/>\nespa\u00f1oles de menos de 5.000 habitantes en modalidad presencial (el\/la<br \/>\nestudiante deber\u00e1 residir en el municipio donde desarrolle la pr\u00e1ctica)<br \/>\nmediante una beca con un importe de 1.000 euros brutos\/mes m\u00e1s el importe de la<br \/>\ncuota de la cotizaci\u00f3n a la Seguridad Social correspondiente a la <a href=\"https:\/\/www.usal.es\/\" target=\"_blank\">Universidad de Salamanca<\/a>.<span>&nbsp;&nbsp;<\/span><\/span><\/p>\n<p style=\"line-height: normal; margin-bottom: 0cm; text-align: justify;\"><span style=\"font-size: medium;\"><span style=\"font-family: arial;\"><span><\/span><\/span><\/span><\/p>\n<p style=\"line-height: normal; margin-bottom: 0cm; text-align: justify;\"><span style=\"font-size: medium;\"><span style=\"font-family: arial;\">En nuestro caso debemos<br \/>\nasignar a la persona seleccionada las tares y trabajos definidos en la<br \/>\nconvocatoria y facilitarle la vivienda durante los meses de verano, tal y como<br \/>\nya hicimos el a\u00f1o pasado.<span>&nbsp; <\/span>Las <a href=\"https:\/\/empleo.usal.es\/practicas\/convocatorias-practicas.php?id=553\" target=\"_blank\">26 becas disponibles<\/a> se distribuyen entre estudiantes de titulaciones de los dos grupos<br \/>\n(<b>13 para estudiantes de titulaciones de las ramas de Humanidades y Ciencias<br \/>\nSociales y 13 para estudiantes de titulaciones de las ramas de Ciencias,<br \/>\nCiencias de la Salud e Ingenier\u00edas<\/b>) que, una vez baremados siguiendo los<br \/>\ncriterios anteriores, se seleccionar\u00e1n los\/las 13 estudiantes con mejor<br \/>\nexpediente en cada uno de los dos grupos asign\u00e1ndoles la primera pr\u00e1ctica<br \/>\ndisponible de entre aquellas a las que se opt\u00f3.<\/span><\/span><\/p>\n<p style=\"line-height: normal; margin-bottom: 0cm; text-align: justify;\"><span style=\"font-size: medium;\"><span style=\"font-family: arial;\"><\/span><\/span><\/p>\n<p style=\"line-height: normal; margin-bottom: 0cm;\"><span style=\"font-size: medium;\"><span style=\"font-family: arial;\"><a href=\"https:\/\/empleo.usal.es\/practicas\/convocatorias-practicas.php?id=553\" target=\"_blank\">Plazo de presentaci\u00f3n de candidaturas:<\/a> desde lunes, 6 de mayo de 2024 hasta domingo, 19 de mayo de 2024 (23:59:59)<\/span><\/span><\/p>\n<p style=\"line-height: normal; margin-bottom: 0cm;\"><span style=\"font-size: medium;\"><span style=\"font-family: arial;\"><\/span><\/span><\/p>\n<div style=\"clear: both; text-align: center;\"><span style=\"font-size: medium;\"><a href=\"https:\/\/empleo.usal.es\/practicas\/convocatorias-practicas.php?id=553\" style=\"margin-left: 1em; margin-right: 1em;\" target=\"_blank\"><img loading=\"lazy\" decoding=\"async\" border=\"0\" data-original-height=\"487\" data-original-width=\"751\" height=\"416\" src=\"https:\/\/blogger.googleusercontent.com\/img\/b\/R29vZ2xl\/AVvXsEiiO7QmivvrEkuUuM5AsIVDQD1rY7yBCcJssSt23ie99WwZ5wMNCEGT0iFh_ctNi0eMb5oenCJbeES9E1IJcdN__OwW0968ogpkrqq0HoAVb4nIZs59bd4Hk_9fJwk9c5u8NwoQk0j68LSVqXrYQ-eT_ObPpubmo9F33nvUrRDh8SCqeOJVs1QOVh5s9mc\/w640-h416\/Imagen1.jpg\" width=\"640\" \/><\/a><\/span><\/div><\/p>\n","protected":false},"excerpt":{"rendered":"<p>El Municipio de Juzbado ha sido seleccionado un a\u00f1o m\u00e1s para participar en el programa Campus Rural.&nbsp; El Programa Campus Rural es una iniciativa desarrollada por el Ministerio para la Transici\u00f3n Ecol\u00f3gica y el RetoDemogr\u00e1fico (MITERD), en colaboraci\u00f3n con el Ministerio de Ciencia, Innovaci\u00f3ny Universidades, la Conferencia de Rectores de Universidades Espa\u00f1olas (CRUE), que permite [&hellip;]<\/p>\n","protected":false},"author":2,"featured_media":0,"comment_status":"open","ping_status":"open","sticky":false,"template":"","format":"standard","meta":{"saved_in_kubio":false,"footnotes":""},"categories":[202,198,201,199,200,197,77],"tags":[],"class_list":["post-62","post","type-post","status-publish","format-standard","hentry","category-campus-rural","category-crue","category-miterd","category-practicas","category-reto-demografico","category-universidad-de-salamanca","category-usal"],"_links":{"self":[{"href":"https:\/\/juzbado.es\/nuevaweb\/wp-json\/wp\/v2\/posts\/62","targetHints":{"allow":["GET"]}}],"collection":[{"href":"https:\/\/juzbado.es\/nuevaweb\/wp-json\/wp\/v2\/posts"}],"about":[{"href":"https:\/\/juzbado.es\/nuevaweb\/wp-json\/wp\/v2\/types\/post"}],"author":[{"embeddable":true,"href":"https:\/\/juzbado.es\/nuevaweb\/wp-json\/wp\/v2\/users\/2"}],"replies":[{"embeddable":true,"href":"https:\/\/juzbado.es\/nuevaweb\/wp-json\/wp\/v2\/comments?post=62"}],"version-history":[{"count":0,"href":"https:\/\/juzbado.es\/nuevaweb\/wp-json\/wp\/v2\/posts\/62\/revisions"}],"wp:attachment":[{"href":"https:\/\/juzbado.es\/nuevaweb\/wp-json\/wp\/v2\/media?parent=62"}],"wp:term":[{"taxonomy":"category","embeddable":true,"href":"https:\/\/juzbado.es\/nuevaweb\/wp-json\/wp\/v2\/categories?post=62"},{"taxonomy":"post_tag","embeddable":true,"href":"https:\/\/juzbado.es\/nuevaweb\/wp-json\/wp\/v2\/tags?post=62"}],"curies":[{"name":"wp","href":"https:\/\/api.w.org\/{rel}","templated":true}]}}