{"id":65,"date":"2024-04-24T14:43:00","date_gmt":"2024-04-24T12:43:00","guid":{"rendered":"http:\/\/juzbado.es\/nuevaweb\/2024\/04\/24\/el-municipio-de-juzbado-apoya-el-proyecto-de-geoparque-de-salamanca\/"},"modified":"2024-04-24T14:43:00","modified_gmt":"2024-04-24T12:43:00","slug":"el-municipio-de-juzbado-apoya-el-proyecto-de-geoparque-de-salamanca","status":"publish","type":"post","link":"https:\/\/juzbado.es\/nuevaweb\/2024\/04\/24\/el-municipio-de-juzbado-apoya-el-proyecto-de-geoparque-de-salamanca\/","title":{"rendered":"EL MUNICIPIO DE JUZBADO APOYA EL PROYECTO DE GEOPARQUE DE SALAMANCA"},"content":{"rendered":"<p style=\"text-align: justify;\"><span face=\"&quot;Arial&quot;,sans-serif\" style=\"font-family: arial; font-size: medium;\">Con<br \/>\nla firma de una carta de apoyo, el alcalde de Juzbado y diputado provincial, Fernando<br \/>\nRubio de la iglesia, incluye al municipio de Juzbado en la iniciativa de crear<br \/>\nel primer geoparque de la provincia de Salamanca.<span style=\"mso-spacerun: yes;\">&nbsp; <\/span>El manifiesto apoya la creaci\u00f3n de un geoparque<br \/>\nque forme parte de la <a href=\"https:\/\/www.unesco.org\/es\/iggp\/geoparks\/about\" target=\"_blank\">Red Mundial de Geoparques de la UNESCO<\/a>, una propuesta en<br \/>\nla que llevan trabajando unos a\u00f1os la <a href=\"http:\/\/www.lasalina.es\/\" target=\"_blank\">Diputaci\u00f3n de Salamanca<\/a> y la <a href=\"https:\/\/www.usal.es\/\" target=\"_blank\">Universidad de Salamanca<\/a> y de la que depende el apoyo de los municipios.<\/span><span face=\"&quot;Arial&quot;,sans-serif\" style=\"font-family: arial; font-size: medium;\"><br \/><\/span><\/p>\n<p style=\"text-align: justify;\"><b><span face=\"&quot;Arial&quot;,sans-serif\"><\/span><\/b><\/p>\n<table align=\"center\" cellpadding=\"0\" cellspacing=\"0\" style=\"margin-left: auto; margin-right: auto;\">\n<tbody>\n<tr>\n<td style=\"text-align: center;\"><\/td>\n<\/tr>\n<\/tbody>\n<\/table>\n<p style=\"text-align: justify;\"><b><span face=\"&quot;Arial&quot;,sans-serif\"><\/span><\/b><\/p>\n<table align=\"center\" cellpadding=\"0\" cellspacing=\"0\" style=\"margin-left: auto; margin-right: auto;\">\n<tbody>\n<tr>\n<td style=\"text-align: center;\"><a href=\"https:\/\/blogger.googleusercontent.com\/img\/b\/R29vZ2xl\/AVvXsEiyVRGk3qncoLdlLVqMU76QvSd1IRQrEGRAy0gofnfHf-1BFo3civvqHBMPs7A3tYCEE87ZTCwPC2OwiFtjcWm9Q7oLeFSMBmDKxSNRxHQzZoFHssrXMKWN7q1sXcoab2ABHRT49VyKkThWqbAC2CVAZ8rPvQdXMJ2Ms-hEBSQ2VdQctk0TsCloK0qB6-A\/s4032\/museo%20de%20la%20falla%20visita%20usal%20(2).jpeg\" style=\"margin-left: auto; margin-right: auto;\"><img loading=\"lazy\" decoding=\"async\" alt=\"Juzbado, Museo de la Falla, geoparque Salamanca, UNESCO, geodiversidad\" border=\"0\" data-original-height=\"3024\" data-original-width=\"4032\" height=\"480\" src=\"https:\/\/blogger.googleusercontent.com\/img\/b\/R29vZ2xl\/AVvXsEiyVRGk3qncoLdlLVqMU76QvSd1IRQrEGRAy0gofnfHf-1BFo3civvqHBMPs7A3tYCEE87ZTCwPC2OwiFtjcWm9Q7oLeFSMBmDKxSNRxHQzZoFHssrXMKWN7q1sXcoab2ABHRT49VyKkThWqbAC2CVAZ8rPvQdXMJ2Ms-hEBSQ2VdQctk0TsCloK0qB6-A\/w640-h480\/museo%20de%20la%20falla%20visita%20usal%20(2).jpeg\" title=\"Juzbado, Museo de la Falla, geoparque Salamanca, UNESCO, geodiversidad\" width=\"640\" \/><\/a><\/td>\n<\/tr>\n<tr>\n<td style=\"text-align: center;\">Grupo de vecinos y universitarios en el Museo de la Falla<\/td>\n<\/tr>\n<\/tbody>\n<\/table>\n<p><span face=\"&quot;Arial&quot;,sans-serif\">&nbsp;<\/span><\/p>\n<p style=\"text-align: justify;\"><span face=\"&quot;Arial&quot;,sans-serif\" style=\"font-family: arial; font-size: medium;\">El<br \/>\nproyecto de creaci\u00f3n del <a href=\"https:\/\/geo3sr.usal.es\/geoparque\/\" target=\"_blank\">Geoparque Salamanca<\/a> pone de relieve los valores<br \/>\npatrimoniales y medioambientales de una buena parte del sur, oeste y norte de<br \/>\nla provincia de Salamanca.<span style=\"mso-spacerun: yes;\">&nbsp; <\/span>Se trata de constituir<br \/>\nun magn\u00edfico soporte de gesti\u00f3n y promoci\u00f3n del valioso y singular patrimonio<br \/>\nnatural flor\u00edstico y faun\u00edstico de la regi\u00f3n. La creaci\u00f3n de un geoparque supone<br \/>\nun enorme inter\u00e9s, no s\u00f3lo desde el punto de vista de los valores geol\u00f3gicos,<br \/>\ncient\u00edficos y patrimoniales, sino tambi\u00e9n como palanca del desarrollo rural de nuestra<br \/>\nprovincia.<span style=\"mso-spacerun: yes;\">&nbsp; <\/span>El ayuntamiento de Juzbado<br \/>\ncuenta adem\u00e1s con una de las infraestructuras m\u00e1s relevantes en el \u00e1mbito de la<br \/>\ndivulgaci\u00f3n geol\u00f3gica: el <a href=\"https:\/\/www.museodelafalla.com\/\" target=\"_blank\">Museo de la Falla<\/a>.<span style=\"mso-spacerun: yes;\">&nbsp;<br \/>\n<\/span>Una dotaci\u00f3n p\u00fablica que, desde su apertura en 2014, ha divulgado la<br \/>\ngeodiversidad de Salamanca, ha contribuido a la lucha contra el reto<br \/>\ndemogr\u00e1fico y, en definitiva, ha complementado la oferta tur\u00edstica y socioecon\u00f3mica<br \/>\ndel extremo noroeste de Salamanca.<\/span><\/p>\n<p style=\"text-align: justify;\"><span face=\"&quot;Arial&quot;,sans-serif\" style=\"font-family: arial; font-size: medium;\">Por<br \/>\ntodo ello, el Ayuntamiento de Juzbado ya ha remitido al equipo de coordinaci\u00f3n<br \/>\ndel geoparque la carta de apoyo a la iniciativa del Proyecto \u201c<a href=\"https:\/\/geo3sr.usal.es\/geoparque\/\" target=\"_blank\">GeoparqueSalamanca<\/a>\u201d, respaldando la candidatura para la candidatura a la declaraci\u00f3n como<br \/>\nGeoparque Mundial dentro del Programa Internacional de Ciencias de la Tierra y<br \/>\nGeoparques de la UNESCO y su integraci\u00f3n, por tanto, en la <a href=\"https:\/\/geoparques.es\/la-red-mundial-de-geoparques\/\" target=\"_blank\">Red Mundial yEuropea de Geoparques<\/a>.<\/span><\/p>\n","protected":false},"excerpt":{"rendered":"<p>Con la firma de una carta de apoyo, el alcalde de Juzbado y diputado provincial, Fernando Rubio de la iglesia, incluye al municipio de Juzbado en la iniciativa de crear el primer geoparque de la provincia de Salamanca.&nbsp; El manifiesto apoya la creaci\u00f3n de un geoparque que forme parte de la Red Mundial de Geoparques [&hellip;]<\/p>\n","protected":false},"author":2,"featured_media":0,"comment_status":"open","ping_status":"open","sticky":false,"template":"","format":"standard","meta":{"saved_in_kubio":false,"footnotes":""},"categories":[55,213,210,113,212,211,197],"tags":[],"class_list":["post-65","post","type-post","status-publish","format-standard","hentry","category-diputacion-de-salamanca","category-geodiversidad","category-geoparque-salamanca","category-juzbado","category-museo-de-la-falla","category-unesco","category-universidad-de-salamanca"],"_links":{"self":[{"href":"https:\/\/juzbado.es\/nuevaweb\/wp-json\/wp\/v2\/posts\/65","targetHints":{"allow":["GET"]}}],"collection":[{"href":"https:\/\/juzbado.es\/nuevaweb\/wp-json\/wp\/v2\/posts"}],"about":[{"href":"https:\/\/juzbado.es\/nuevaweb\/wp-json\/wp\/v2\/types\/post"}],"author":[{"embeddable":true,"href":"https:\/\/juzbado.es\/nuevaweb\/wp-json\/wp\/v2\/users\/2"}],"replies":[{"embeddable":true,"href":"https:\/\/juzbado.es\/nuevaweb\/wp-json\/wp\/v2\/comments?post=65"}],"version-history":[{"count":0,"href":"https:\/\/juzbado.es\/nuevaweb\/wp-json\/wp\/v2\/posts\/65\/revisions"}],"wp:attachment":[{"href":"https:\/\/juzbado.es\/nuevaweb\/wp-json\/wp\/v2\/media?parent=65"}],"wp:term":[{"taxonomy":"category","embeddable":true,"href":"https:\/\/juzbado.es\/nuevaweb\/wp-json\/wp\/v2\/categories?post=65"},{"taxonomy":"post_tag","embeddable":true,"href":"https:\/\/juzbado.es\/nuevaweb\/wp-json\/wp\/v2\/tags?post=65"}],"curies":[{"name":"wp","href":"https:\/\/api.w.org\/{rel}","templated":true}]}}