{"id":68,"date":"2024-04-06T12:04:00","date_gmt":"2024-04-06T10:04:00","guid":{"rendered":"http:\/\/juzbado.es\/nuevaweb\/2024\/04\/06\/juzbado-recoge-el-premio-maria-moliner-2023\/"},"modified":"2024-04-06T12:04:00","modified_gmt":"2024-04-06T10:04:00","slug":"juzbado-recoge-el-premio-maria-moliner-2023","status":"publish","type":"post","link":"https:\/\/juzbado.es\/nuevaweb\/2024\/04\/06\/juzbado-recoge-el-premio-maria-moliner-2023\/","title":{"rendered":"JUZBADO RECOGE EL PREMIO MAR\u00cdA MOLINER 2023"},"content":{"rendered":"<p style=\"text-align: justify;\"><span style=\"font-family: arial; font-size: medium;\"><span lang=\"ES-TRAD\">Una<br \/>\nrepresentaci\u00f3n del Ayuntamiento de Juzbado recibe en Madrid junto a otras 9 bibliotecas<br \/>\nespa\u00f1olas el Premio Mar\u00eda Moliner 2024 de animaci\u00f3n a la lectura. El reconocimiento<br \/>\na la biblioteca de Juzbado lo recogieron en un acto en la sede de la <a href=\"https:\/\/www.femp.es\/\" target=\"_blank\">FEMP<\/a> el<br \/>\nalcalde, Fernando Rubio y el teniente de alcalde, Alberto Pilo acompa\u00f1ados de<br \/>\nlos t\u00e9cnicos municipales Patricia Mart\u00edn y Jer\u00f3nimo Jablonski.<span>&nbsp; <\/span>&nbsp;<\/span><\/span><\/p>\n<p style=\"text-align: justify;\"><span style=\"font-family: arial; font-size: medium;\"><span lang=\"ES-TRAD\">Los <a href=\"https:\/\/www.cultura.gob.es\/cultura\/libro\/maria-moliner\/premiados.html\" target=\"_blank\">premiosMar\u00eda Moliner <\/a>reconocen el proyecto de Juzbado como uno de las diez mejores<br \/>\npr\u00e1cticas de animaci\u00f3n lectora desarrolladas por bibliotecas municipales de Espa\u00f1a, en el<br \/>\nmarco de la XXIII Campa\u00f1a Mar\u00eda Moliner. La campa\u00f1a, fruto de la colaboraci\u00f3n<br \/>\nentre la <a href=\"https:\/\/www.blogger.com\/#\" target=\"_blank\">FEMP<\/a> y el <a href=\"https:\/\/www.cultura.gob.es\/portada.html\" target=\"_blank\">Ministerio de Cultura<\/a>, destinada a reconocer las iniciativas<br \/>\nde las bibliotecas municipales de municipios con menos de 50.000 habitantes, ha<br \/>\ncompletado con el acto de hoy su convocatoria de 2023, en la que, a estos diez<br \/>\nmejores proyectos, premiados cada uno con 10.000 euros, se suman otros 360,<br \/>\ncalificados con menor puntuaci\u00f3n, que recibir\u00e1n 2.777,77 euros.<\/span><\/span><\/p>\n<p style=\"text-align: justify;\"><span style=\"font-family: arial; font-size: medium;\"><span lang=\"ES-TRAD\"><\/span><\/span><\/p>\n<table align=\"center\" cellpadding=\"0\" cellspacing=\"0\" style=\"margin-left: auto; margin-right: auto;\">\n<tbody>\n<tr>\n<td style=\"text-align: center;\"><a href=\"https:\/\/blogger.googleusercontent.com\/img\/b\/R29vZ2xl\/AVvXsEhygEDeTQxb-3wlL2AWQOB5G55ebR1lbTO7iNTYW8FBrTumN3SIKNSDxj2qMbZv0Qg-FoULfMP-97WIZAFQeBF7ZuIw1QidFNSp0U1L9BpoHkKEz9G5U_iKREshfKHuZ8LVir8lTh3CLLClUqvbbiOJ1hJ0os_VMAqYQE2dyg5m5GFRpvRLSQZSJgEmYvs\/s1392\/WhatsApp%20Image%202024-04-05%20at%2015.43.47.jpeg\" style=\"margin-left: auto; margin-right: auto;\"><img loading=\"lazy\" decoding=\"async\" alt=\"Juzbado, Premio Mar\u00eda Moliner, 2024, abril, FEMP\" border=\"0\" data-original-height=\"924\" data-original-width=\"1392\" height=\"424\" src=\"https:\/\/blogger.googleusercontent.com\/img\/b\/R29vZ2xl\/AVvXsEhygEDeTQxb-3wlL2AWQOB5G55ebR1lbTO7iNTYW8FBrTumN3SIKNSDxj2qMbZv0Qg-FoULfMP-97WIZAFQeBF7ZuIw1QidFNSp0U1L9BpoHkKEz9G5U_iKREshfKHuZ8LVir8lTh3CLLClUqvbbiOJ1hJ0os_VMAqYQE2dyg5m5GFRpvRLSQZSJgEmYvs\/w640-h424\/WhatsApp%20Image%202024-04-05%20at%2015.43.47.jpeg\" title=\"Juzbado, Premio Mar\u00eda Moliner, 2024, abril, FEMP\" width=\"640\" \/><\/a><\/td>\n<\/tr>\n<tr>\n<td style=\"text-align: center;\">La delegaci\u00f3n Juzbadina posa junto a los dem\u00e1s premiados (FOTO FEMP) <\/td>\n<\/tr>\n<\/tbody>\n<\/table>\n<p><span style=\"font-family: arial; font-size: medium;\"><span lang=\"ES-TRAD\">&nbsp;<\/span><\/span><\/p>\n<p style=\"text-align: justify;\"><span style=\"font-family: arial; font-size: medium;\"><span lang=\"ES-TRAD\">Los<br \/>\nencargados de entregar las distinciones han sido el Secretario General de la<br \/>\nFEMP, Luis Mart\u00ednez-Sicluna, y la <a href=\"https:\/\/www.cultura.gob.es\/cultura\/libro-bibliotecas.html\" target=\"_blank\">Directora General del Libro, del C\u00f3mic y dela Lectura<\/a>, Mar\u00eda Jos\u00e9 G\u00e1lvez.<span>&nbsp; <\/span>En su<br \/>\nintervenci\u00f3n previa a la entrega, el Secretario General se ha referido a las<br \/>\nbibliotecas municipales como las premiadas se\u00f1alando que \u201cson el \u00fanico servicio<br \/>\nde acceso universal e igualitario para todos, aut\u00e9nticas garantes primeras de<br \/>\nlos derechos culturales de la ciudadan\u00eda, y por tanto, derechos humanos\u201d; y ha<br \/>\ndestacado que la alianza con el Ministerio de Cultura para impulsar estos<br \/>\npremios son \u201c, es una de las colaboraciones m\u00e1s gratificantes y significativas\u201d<br \/>\nde las establecidas por la <a href=\"https:\/\/www.blogger.com\/#\" target=\"_blank\">FEMP<\/a>.&nbsp;<\/span> <br \/><\/span><\/p>\n<p style=\"margin: 0cm; text-align: justify;\"><span style=\"font-family: arial; font-size: medium;\"><span lang=\"ES-TRAD\">Por<br \/>\nsu parte, a Directora General del Libro, del C\u00f3mic y de la Lectura, Mar\u00eda Jos\u00e9<br \/>\nG\u00e1lvez, ha reconocido el compromiso de los Ayuntamientos con las bibliotecas<br \/>\nmunicipales y el fomento de la lectura y ha puesto el acento en la brecha que<br \/>\ntodav\u00eda existe entre el mundo rural y el urbano. \u201cLectura y biblioteca son dos<br \/>\npalabras muy importantes y desde que existe el Premio Mar\u00eda Moliner, m\u00e1s de<br \/>\n15.000 proyectos de animaci\u00f3n a la lectura en el \u00e1mbito rural se han visto<br \/>\nbeneficiados en m\u00e1s de 2.500 municipios, garantizando el ejercicio de los<br \/>\nderechos fundamentales a la informaci\u00f3n, la libertad de expresi\u00f3n y la<br \/>\neducaci\u00f3n\u201d, ha dicho.<span>&nbsp; <\/span>El Director de la<br \/>\n<a href=\"https:\/\/www.bne.es\/es\" target=\"_blank\">Biblioteca Nacional<\/a>, \u00d3scar Arroyo, tambi\u00e9n ha asistido al acto.<\/span><\/span><\/p>\n<p style=\"margin: 0cm; text-align: justify;\"><span style=\"font-family: arial; font-size: medium;\"><span lang=\"ES-TRAD\"><\/span><\/span><\/p>\n<table align=\"center\" cellpadding=\"0\" cellspacing=\"0\" style=\"margin-left: auto; margin-right: auto;\">\n<tbody>\n<tr>\n<td style=\"text-align: center;\"><a href=\"https:\/\/blogger.googleusercontent.com\/img\/b\/R29vZ2xl\/AVvXsEgL0oQrUJWinq8pvSRZidrkZBwvAXzoMgMPh75PcS0N1okYnWiYh15chAXuFEUBokIQX-_K1rd383vmq7FSybMHIcJOTklwUG1DjZnhf9RCtdSURNLvP2HZugUNnByml6BOHdDAj7NbuNycksAcVRIO93BOEGWKPGK48q5EzIS01wUAjXq4vRjxy8OtRJY\/s567\/WhatsApp%20Image%202024-04-05%20at%2015.19.37.jpeg\" style=\"margin-left: auto; margin-right: auto;\"><img loading=\"lazy\" decoding=\"async\" alt=\"Juzbado, Premio Mar\u00eda Moliner, 2024, abril, FEMP\" border=\"0\" data-original-height=\"423\" data-original-width=\"567\" height=\"478\" src=\"https:\/\/blogger.googleusercontent.com\/img\/b\/R29vZ2xl\/AVvXsEgL0oQrUJWinq8pvSRZidrkZBwvAXzoMgMPh75PcS0N1okYnWiYh15chAXuFEUBokIQX-_K1rd383vmq7FSybMHIcJOTklwUG1DjZnhf9RCtdSURNLvP2HZugUNnByml6BOHdDAj7NbuNycksAcVRIO93BOEGWKPGK48q5EzIS01wUAjXq4vRjxy8OtRJY\/w640-h478\/WhatsApp%20Image%202024-04-05%20at%2015.19.37.jpeg\" title=\"Juzbado, Premio Mar\u00eda Moliner, 2024, abril, FEMP\" width=\"640\" \/><\/a><\/td>\n<\/tr>\n<tr>\n<td style=\"text-align: center;\">Fernando Rubio se dirige a los presentes en el acto&nbsp; (FOTO: FEMP)<\/td>\n<\/tr>\n<\/tbody>\n<\/table>\n<p><span style=\"font-family: arial; font-size: medium;\"><span lang=\"ES-TRAD\">&nbsp;<br \/><\/span><\/span><\/p>\n<p style=\"margin: 0cm; text-align: justify;\"><span style=\"font-family: arial; font-size: medium;\"><span lang=\"ES-TRAD\">Fernando<br \/>\nRubio dedic\u00f3 el premio a todos los juzbadinos, <i>reconociendo el trabajo de<br \/>\nnuestro pueblo por la cultura y la creaci\u00f3n de un espacio vivo y comunitario en<br \/>\ntorno a la biblioteca municipal.<\/i><span>&nbsp; <\/span>Tambi\u00e9n<br \/>\nreconoci\u00f3 <i>el trabajo de la FEMP y del Ministerio as\u00ed como la necesidad de<br \/>\nreivindicar una cultura de calidad para los pueblos y una apuesta por la encrucijada<br \/>\nrural<\/i>.<\/span><\/span><\/p>\n<p style=\"margin: 0cm; text-align: justify;\"><span style=\"font-family: arial; font-size: medium;\"><span lang=\"ES-TRAD\">&nbsp;<\/span> <br \/><\/span><\/p>\n<p style=\"margin: 0cm; text-align: justify;\"><span style=\"font-family: arial; font-size: medium;\"><span lang=\"ES-TRAD\">Las<br \/>\nim\u00e1genes del acto se encuentran disponibles en este enlace:<\/span><\/span><\/p>\n<p style=\"margin: 0cm; text-align: justify;\"><span style=\"font-family: arial; font-size: medium;\"><a href=\"https:\/\/drive.google.com\/drive\/folders\/1ecsvTfAdq5Pf5cJiilN7mzdyjwOubVfk?usp=sharing\"><span lang=\"ES-TRAD\">https:\/\/drive.google.com\/drive\/folders\/1ecsvTfAdq5Pf5cJiilN7mzdyjwOubVfk?usp=sharing<\/span><\/a><\/span><\/p>\n","protected":false},"excerpt":{"rendered":"<p>Una representaci\u00f3n del Ayuntamiento de Juzbado recibe en Madrid junto a otras 9 bibliotecas espa\u00f1olas el Premio Mar\u00eda Moliner 2024 de animaci\u00f3n a la lectura. El reconocimiento a la biblioteca de Juzbado lo recogieron en un acto en la sede de la FEMP el alcalde, Fernando Rubio y el teniente de alcalde, Alberto Pilo acompa\u00f1ados [&hellip;]<\/p>\n","protected":false},"author":2,"featured_media":0,"comment_status":"open","ping_status":"open","sticky":false,"template":"","format":"standard","meta":{"saved_in_kubio":false,"footnotes":""},"categories":[43,183,223,221,224,32,219,220,222,25],"tags":[],"class_list":["post-68","post","type-post","status-publish","format-standard","hentry","category-43","category-abril","category-alberto-pilo","category-direccion-general-del-libro","category-femp","category-fernando-rubio","category-jeronimo-jablonski","category-maria-moliner","category-ministerio-de-cultura-y-deporte","category-patricia-martin"],"_links":{"self":[{"href":"https:\/\/juzbado.es\/nuevaweb\/wp-json\/wp\/v2\/posts\/68","targetHints":{"allow":["GET"]}}],"collection":[{"href":"https:\/\/juzbado.es\/nuevaweb\/wp-json\/wp\/v2\/posts"}],"about":[{"href":"https:\/\/juzbado.es\/nuevaweb\/wp-json\/wp\/v2\/types\/post"}],"author":[{"embeddable":true,"href":"https:\/\/juzbado.es\/nuevaweb\/wp-json\/wp\/v2\/users\/2"}],"replies":[{"embeddable":true,"href":"https:\/\/juzbado.es\/nuevaweb\/wp-json\/wp\/v2\/comments?post=68"}],"version-history":[{"count":0,"href":"https:\/\/juzbado.es\/nuevaweb\/wp-json\/wp\/v2\/posts\/68\/revisions"}],"wp:attachment":[{"href":"https:\/\/juzbado.es\/nuevaweb\/wp-json\/wp\/v2\/media?parent=68"}],"wp:term":[{"taxonomy":"category","embeddable":true,"href":"https:\/\/juzbado.es\/nuevaweb\/wp-json\/wp\/v2\/categories?post=68"},{"taxonomy":"post_tag","embeddable":true,"href":"https:\/\/juzbado.es\/nuevaweb\/wp-json\/wp\/v2\/tags?post=68"}],"curies":[{"name":"wp","href":"https:\/\/api.w.org\/{rel}","templated":true}]}}