{"id":69,"date":"2024-04-03T13:26:00","date_gmt":"2024-04-03T11:26:00","guid":{"rendered":"http:\/\/juzbado.es\/nuevaweb\/2024\/04\/03\/mujeres-de-juzbado-visitan-soria\/"},"modified":"2024-04-03T13:26:00","modified_gmt":"2024-04-03T11:26:00","slug":"mujeres-de-juzbado-visitan-soria","status":"publish","type":"post","link":"https:\/\/juzbado.es\/nuevaweb\/2024\/04\/03\/mujeres-de-juzbado-visitan-soria\/","title":{"rendered":"MUJERES DE JUZBADO VISITAN SORIA"},"content":{"rendered":"<p style=\"text-align: justify;\"><span style=\"font-family: arial; font-size: medium;\">A mediados de marzo un grupo de juzbadinas emprend\u00eda un viaje cultural con<br \/>\ndirecci\u00f3n a Soria. El viaje consisti\u00f3 en una visita a los monasterios de Piedra<br \/>\ny San Juan de Duero as\u00ed como a la ermita de San Saturio o la ciudad del Soria. <span>&nbsp;<\/span>En la capital soriana, casa de Antonio Machado<br \/>\npero tambi\u00e9n significativa para Gerardo Diego o Gustavo Adolfo B\u00e9quer, el grupo<br \/>\nde aventureras visit\u00f3 la iglesia de Santo Domingo, el Palacio de los<br \/>\nCondes de G\u00f3mara, la Plaza Mayor, el Parque Alameda de Cervantes o el<br \/>\nreconocido Museo Numantino.<span>&nbsp; <\/span>Compartimos<br \/>\nalgunas fotograf\u00edas de un viaje que cont\u00f3 con el apoyo del Ayuntamiento de Juzbado<br \/>\ny que nos cede amablemente la presidenta de la <a href=\"https:\/\/juzbado.blogspot.com\/p\/asociaciones.html\" target=\"_blank\">Asociaci\u00f3n de Mujeres de Juzbado<\/a>,<br \/>\nMaribel Andr\u00e9s Recio.<\/span><\/p>\n<p style=\"text-align: justify;\"><span style=\"font-family: arial; font-size: medium;\"><\/span><\/p>\n<div style=\"clear: both; text-align: center;\"><span style=\"font-family: arial; font-size: medium;\"><a href=\"https:\/\/blogger.googleusercontent.com\/img\/b\/R29vZ2xl\/AVvXsEh8MTiDlaYgK4JqDfoZjibJtI0gOlkynzmi7iRGjHEoqMm-OzDkB2-LAFjrehDQo9fHuwKOQdGt8uyEEfFiJxUpMQf1sFVxCkQz0hgzsxWkZnmH12F5F-2nUHQfza4B_W22KqLrFl4jo21wR2IAAmDaNhYmFeFDUIdptDWbkSlrc_t8uThwSJIqBMDGihc\/s1600\/Juzbado%20viaje%20SORIA%20mujeres%20de%20Juzbado%20(1).jpeg\" style=\"margin-left: 1em; margin-right: 1em;\"><img loading=\"lazy\" decoding=\"async\" alt=\"Juzbado, viaje a Soria, Marzo, Mujeres de Juzbado, 2024\" border=\"0\" data-original-height=\"1200\" data-original-width=\"1600\" height=\"480\" src=\"https:\/\/blogger.googleusercontent.com\/img\/b\/R29vZ2xl\/AVvXsEh8MTiDlaYgK4JqDfoZjibJtI0gOlkynzmi7iRGjHEoqMm-OzDkB2-LAFjrehDQo9fHuwKOQdGt8uyEEfFiJxUpMQf1sFVxCkQz0hgzsxWkZnmH12F5F-2nUHQfza4B_W22KqLrFl4jo21wR2IAAmDaNhYmFeFDUIdptDWbkSlrc_t8uThwSJIqBMDGihc\/w640-h480\/Juzbado%20viaje%20SORIA%20mujeres%20de%20Juzbado%20(1).jpeg\" title=\"Juzbado, viaje a Soria, Marzo, Mujeres de Juzbado, 2024\" width=\"640\" \/><\/a><\/span><\/div>\n<p><span style=\"font-family: arial; font-size: medium;\"><\/p>\n<div style=\"clear: both; text-align: center;\"><a href=\"https:\/\/blogger.googleusercontent.com\/img\/b\/R29vZ2xl\/AVvXsEg5DP_nsSL3zhmjZCc_mFBbapaBwm0oW0nOzSzrOE-jsb9YRtBVtdRA60WE9JLIeRlz_4560JOQx4KvUgSfhXGxIvc5A317ZZ2HS7IPYhyphenhyphenr3iXnYmR-Me-S4W89iVDzqtANIqx3N20nYguRbfs92b8O96-2RKhH_VHTQ5TnvIDncfSK8_JcF7230PVrlUg\/s1600\/Juzbado%20viaje%20SORIA%20mujeres%20de%20Juzbado%20(6).jpeg\" style=\"margin-left: 1em; margin-right: 1em;\"><img loading=\"lazy\" decoding=\"async\" alt=\"Juzbado, viaje a Soria, Marzo, Mujeres de Juzbado, 2024\" border=\"0\" data-original-height=\"1200\" data-original-width=\"1600\" height=\"480\" src=\"https:\/\/blogger.googleusercontent.com\/img\/b\/R29vZ2xl\/AVvXsEg5DP_nsSL3zhmjZCc_mFBbapaBwm0oW0nOzSzrOE-jsb9YRtBVtdRA60WE9JLIeRlz_4560JOQx4KvUgSfhXGxIvc5A317ZZ2HS7IPYhyphenhyphenr3iXnYmR-Me-S4W89iVDzqtANIqx3N20nYguRbfs92b8O96-2RKhH_VHTQ5TnvIDncfSK8_JcF7230PVrlUg\/w640-h480\/Juzbado%20viaje%20SORIA%20mujeres%20de%20Juzbado%20(6).jpeg\" title=\"Juzbado, viaje a Soria, Marzo, Mujeres de Juzbado, 2024\" width=\"640\" \/><\/a><\/div>\n<p><\/span><\/p>\n<p><\/p>\n","protected":false},"excerpt":{"rendered":"<p>A mediados de marzo un grupo de juzbadinas emprend\u00eda un viaje cultural con direcci\u00f3n a Soria. El viaje consisti\u00f3 en una visita a los monasterios de Piedra y San Juan de Duero as\u00ed como a la ermita de San Saturio o la ciudad del Soria. &nbsp;En la capital soriana, casa de Antonio Machado pero tambi\u00e9n [&hellip;]<\/p>\n","protected":false},"author":2,"featured_media":0,"comment_status":"open","ping_status":"open","sticky":false,"template":"","format":"standard","meta":{"saved_in_kubio":false,"footnotes":""},"categories":[43,42,225,226,227],"tags":[],"class_list":["post-69","post","type-post","status-publish","format-standard","hentry","category-43","category-asociacion-de-mujeres","category-marzo","category-soria","category-viajes"],"_links":{"self":[{"href":"https:\/\/juzbado.es\/nuevaweb\/wp-json\/wp\/v2\/posts\/69","targetHints":{"allow":["GET"]}}],"collection":[{"href":"https:\/\/juzbado.es\/nuevaweb\/wp-json\/wp\/v2\/posts"}],"about":[{"href":"https:\/\/juzbado.es\/nuevaweb\/wp-json\/wp\/v2\/types\/post"}],"author":[{"embeddable":true,"href":"https:\/\/juzbado.es\/nuevaweb\/wp-json\/wp\/v2\/users\/2"}],"replies":[{"embeddable":true,"href":"https:\/\/juzbado.es\/nuevaweb\/wp-json\/wp\/v2\/comments?post=69"}],"version-history":[{"count":0,"href":"https:\/\/juzbado.es\/nuevaweb\/wp-json\/wp\/v2\/posts\/69\/revisions"}],"wp:attachment":[{"href":"https:\/\/juzbado.es\/nuevaweb\/wp-json\/wp\/v2\/media?parent=69"}],"wp:term":[{"taxonomy":"category","embeddable":true,"href":"https:\/\/juzbado.es\/nuevaweb\/wp-json\/wp\/v2\/categories?post=69"},{"taxonomy":"post_tag","embeddable":true,"href":"https:\/\/juzbado.es\/nuevaweb\/wp-json\/wp\/v2\/tags?post=69"}],"curies":[{"name":"wp","href":"https:\/\/api.w.org\/{rel}","templated":true}]}}