{"id":702,"date":"2016-08-25T18:31:00","date_gmt":"2016-08-25T16:31:00","guid":{"rendered":"http:\/\/juzbado.es\/nuevaweb\/2016\/08\/25\/bautismo-en-la-marcha-nordica\/"},"modified":"2016-08-25T18:31:00","modified_gmt":"2016-08-25T16:31:00","slug":"bautismo-en-la-marcha-nordica","status":"publish","type":"post","link":"https:\/\/juzbado.es\/nuevaweb\/2016\/08\/25\/bautismo-en-la-marcha-nordica\/","title":{"rendered":"BAUTISMO EN LA MARCHA N\u00d3RDICA"},"content":{"rendered":"<div style=\"text-align: justify;\">\n<span style=\"font-size: large;\"><span style=\"font-family: &quot;arial&quot; , &quot;helvetica&quot; , sans-serif;\">El s\u00e1bado 27 de agosto celebraremos en compan\u00eda de Mar Esteban, representante de la Federaci\u00f3n Espa\u00f1ola de <i>Nordic Walking<\/i> (marcha n\u00f3rdica), un bautismo en la t\u00e9cnica de caminar con bastones. La cita es a las 19:30 h. en el Complejo Deportivo Los Berrocales. Os invitamos a participar.&nbsp;&nbsp;<\/span><\/span><\/div>\n<div style=\"text-align: justify;\">\n<\/div>\n<div style=\"clear: both; text-align: center;\">\n<a href=\"https:\/\/blogger.googleusercontent.com\/img\/b\/R29vZ2xl\/AVvXsEi7RslvDFOko4bI5FWcDGllLwDMPMwiCXfBY5K6g63_lpDDRFhKvjWDPmAjS8kE3lzLbB74IyYxzNB6kRP4rptpv6ENdUvw68wmsURcbbpTXI7lgqFl9_C80KLt__TENtRnRKnMv9-h31g\/s1600\/CARTEL+NORDIC+WALKING.jpg\" style=\"margin-left: 1em; margin-right: 1em;\"><img loading=\"lazy\" decoding=\"async\" alt=\"Juzbado nordic walking marcha n\u00f3rdica\" border=\"0\" height=\"640\" src=\"https:\/\/blogger.googleusercontent.com\/img\/b\/R29vZ2xl\/AVvXsEi7RslvDFOko4bI5FWcDGllLwDMPMwiCXfBY5K6g63_lpDDRFhKvjWDPmAjS8kE3lzLbB74IyYxzNB6kRP4rptpv6ENdUvw68wmsURcbbpTXI7lgqFl9_C80KLt__TENtRnRKnMv9-h31g\/s640\/CARTEL+NORDIC+WALKING.jpg\" title=\"Juzbado, Salamanca\" width=\"452\" \/><\/a><\/div>\n<div style=\"clear: both; text-align: center;\">\n<\/div>\n<p><\/p>\n","protected":false},"excerpt":{"rendered":"<p>El s\u00e1bado 27 de agosto celebraremos en compan\u00eda de Mar Esteban, representante de la Federaci\u00f3n Espa\u00f1ola de Nordic Walking (marcha n\u00f3rdica), un bautismo en la t\u00e9cnica de caminar con bastones. La cita es a las 19:30 h. en el Complejo Deportivo Los Berrocales. Os invitamos a participar.&nbsp;&nbsp;<\/p>\n","protected":false},"author":2,"featured_media":0,"comment_status":"open","ping_status":"open","sticky":false,"template":"","format":"standard","meta":{"saved_in_kubio":false,"footnotes":""},"categories":[1],"tags":[],"class_list":["post-702","post","type-post","status-publish","format-standard","hentry","category-sin-categoria"],"_links":{"self":[{"href":"https:\/\/juzbado.es\/nuevaweb\/wp-json\/wp\/v2\/posts\/702","targetHints":{"allow":["GET"]}}],"collection":[{"href":"https:\/\/juzbado.es\/nuevaweb\/wp-json\/wp\/v2\/posts"}],"about":[{"href":"https:\/\/juzbado.es\/nuevaweb\/wp-json\/wp\/v2\/types\/post"}],"author":[{"embeddable":true,"href":"https:\/\/juzbado.es\/nuevaweb\/wp-json\/wp\/v2\/users\/2"}],"replies":[{"embeddable":true,"href":"https:\/\/juzbado.es\/nuevaweb\/wp-json\/wp\/v2\/comments?post=702"}],"version-history":[{"count":0,"href":"https:\/\/juzbado.es\/nuevaweb\/wp-json\/wp\/v2\/posts\/702\/revisions"}],"wp:attachment":[{"href":"https:\/\/juzbado.es\/nuevaweb\/wp-json\/wp\/v2\/media?parent=702"}],"wp:term":[{"taxonomy":"category","embeddable":true,"href":"https:\/\/juzbado.es\/nuevaweb\/wp-json\/wp\/v2\/categories?post=702"},{"taxonomy":"post_tag","embeddable":true,"href":"https:\/\/juzbado.es\/nuevaweb\/wp-json\/wp\/v2\/tags?post=702"}],"curies":[{"name":"wp","href":"https:\/\/api.w.org\/{rel}","templated":true}]}}