{"id":728,"date":"2016-07-04T10:50:00","date_gmt":"2016-07-04T08:50:00","guid":{"rendered":"http:\/\/juzbado.es\/nuevaweb\/2016\/07\/04\/iii-carrera-popular-de-juzbado\/"},"modified":"2016-07-04T10:50:00","modified_gmt":"2016-07-04T08:50:00","slug":"iii-carrera-popular-de-juzbado","status":"publish","type":"post","link":"https:\/\/juzbado.es\/nuevaweb\/2016\/07\/04\/iii-carrera-popular-de-juzbado\/","title":{"rendered":"III CARRERA POPULAR DE JUZBADO"},"content":{"rendered":"<div style=\"text-align: justify;\">\n<span style=\"font-family: &quot;arial&quot; , &quot;helvetica&quot; , sans-serif;\"><span style=\"font-size: large;\">El municipio tormesino de<br \/>\n<a href=\"https:\/\/www.facebook.com\/juzbado\/\" target=\"_blank\"><b>Juzbado<\/b><\/a> celebra su tercera edici\u00f3n de la carrera popular conocida como<br \/>\n\u201cMarcha del Tormes\u201d. Se trata de un evento deportivo puntuable dentro<br \/>\ndel calendario provincial de carreras 2016 y que este a\u00f1o tiene como<br \/>\nnovedad el aumento de la distancia a recorrer con respecto al a\u00f1o<br \/>\npasado. La longitud del circuito en esta ocasi\u00f3n es de 10 km. m\u00e1s o<br \/>\nmenos llanos a excepci\u00f3n del descenso a la ribera tormesina y una<br \/>\nllegada a meta emocionante y marcada por una ascensi\u00f3n en los metros<br \/>\nfinales; <a href=\"http:\/\/www.atletismosalmantino.org\/CPJuzbado\/images\/recorrido.pdf\" target=\"_blank\"><b>una combinaci\u00f3n de terrenos de campi\u00f1a y paisajes fluviales que discurrir\u00e1n en un 80% sobre tierra<\/b><\/a>.<\/span><\/span><\/div>\n<div style=\"text-align: justify;\">\n<\/div>\n<div style=\"text-align: justify;\">\n<span style=\"font-family: &quot;arial&quot; , &quot;helvetica&quot; , sans-serif;\"><span style=\"font-size: large;\"><\/span><\/span><\/div>\n<div style=\"clear: both; text-align: center;\">\n<a href=\"https:\/\/blogger.googleusercontent.com\/img\/b\/R29vZ2xl\/AVvXsEhya7z8RmoVlbrNdK3vRquzlUZkqYZnTFONK-xigIDVWmw4qOyIexC89syse3vo8Hr_SB6nmHs-3b38BEPbD2a0BZKgFBH40AXjxFkBL38Aw_isGD15RwOfek-95Vwdk5EJfEPEIA5pGuM\/s1600\/TRAYECTO+III+CARRERA+POULAR+JUZBADO+2016+3D.jpg\" style=\"margin-left: 1em; margin-right: 1em;\"><img loading=\"lazy\" decoding=\"async\" alt=\"Juzbado III carrera popular \" border=\"0\" height=\"338\" src=\"https:\/\/blogger.googleusercontent.com\/img\/b\/R29vZ2xl\/AVvXsEhya7z8RmoVlbrNdK3vRquzlUZkqYZnTFONK-xigIDVWmw4qOyIexC89syse3vo8Hr_SB6nmHs-3b38BEPbD2a0BZKgFBH40AXjxFkBL38Aw_isGD15RwOfek-95Vwdk5EJfEPEIA5pGuM\/s640\/TRAYECTO+III+CARRERA+POULAR+JUZBADO+2016+3D.jpg\" title=\"Juzbado\" width=\"640\" \/><\/a><\/div>\n<div style=\"text-align: justify;\">\n<span style=\"font-family: &quot;arial&quot; , &quot;helvetica&quot; , sans-serif;\"><span style=\"font-size: large;\"><br \/><\/span><\/span><br \/>\n<a name='more'><\/a><span style=\"font-family: &quot;arial&quot; , &quot;helvetica&quot; , sans-serif;\"><span style=\"font-size: large;\"><br \/>La carrera se<br \/>\ncelebrar\u00e1 el s\u00e1bado d\u00eda 16 del mes de Julio de 2016 a partir de las<br \/>\n10:00 h. y, como en anteriores ocasiones, con salida en el Complejo<br \/>\nDeportivo Los Berrocales y llegada al mismo lugar.&nbsp; La inscripci\u00f3n<br \/>\nser\u00e1 mediante la p\u00e1gina WEB de la <a href=\"http:\/\/www.atletismosalmantino.org\/index.html\" target=\"_blank\"><b>Delegaci\u00f3n de Atletismo de Salamanca<\/b><\/a><br \/>\ny se formalizar\u00e1 con el pago de 3 \u20ac en los momentos previos a la<br \/>\ncarrera (se aconseja estar media hora antes) <\/p>\n<p>El medallero<br \/>\nser\u00e1 similar al de otros a\u00f1os <a href=\"http:\/\/www.atletismosalmantino.org\/CPJuzbado\/images\/reglamento.pdf\" target=\"_blank\"><b>(ver reglamento) <\/b><\/a>junto con alguna<br \/>\nsorpresa que tiene preparada la organizaci\u00f3n.&nbsp; Los tiempos y<br \/>\nclasificaciones, como viene siendo habitual, ser\u00e1n puestos a<br \/>\ndisposici\u00f3n del p\u00fablico gracias a la <a href=\"http:\/\/www.atletismosalmantino.org\/index.html\" target=\"_blank\"><b>Delegaci\u00f3n de Atletismo de Salamanca<\/b><\/a>.&nbsp; Mientras tanto, todos los participantes y acompa\u00f1antes<br \/>\npodr\u00e1n disfrutar de las frutas y otros elixires refrescantes que se<br \/>\nofrecer\u00e1n en la terraza del complejo deportivo nada m\u00e1s finalizar la<br \/>\ncarrera.&nbsp;&nbsp;<\/span><\/span><br \/>\n<span style=\"font-family: &quot;arial&quot; , &quot;helvetica&quot; , sans-serif;\"><span style=\"font-size: large;\"><\/span><\/span><br \/>\n<span style=\"font-family: &quot;arial&quot; , &quot;helvetica&quot; , sans-serif;\"><span style=\"font-size: large;\"><\/span><\/span><\/p>\n<div style=\"clear: both; text-align: center;\">\n<a href=\"https:\/\/blogger.googleusercontent.com\/img\/b\/R29vZ2xl\/AVvXsEjkN3XYEOxuwEN30yuX9nnVwb41qJH5BWZy2Wc1FtLWFMwQrDU1uFibI4vMS-vam2wQM0EwZoCkQxa_RMVygfXvzx0PQgRn5v3RUQ2mi6OiAPd8OHaj0LtDwzyABZJr5ySu2xAJ4dlGQdI\/s1600\/CARTEL+III+CARRERA+POPULAR+DE+JUZBADO+web.jpg\" style=\"margin-left: 1em; margin-right: 1em;\"><img loading=\"lazy\" decoding=\"async\" alt=\"Juzbado salamanca\" border=\"0\" height=\"640\" src=\"https:\/\/blogger.googleusercontent.com\/img\/b\/R29vZ2xl\/AVvXsEjkN3XYEOxuwEN30yuX9nnVwb41qJH5BWZy2Wc1FtLWFMwQrDU1uFibI4vMS-vam2wQM0EwZoCkQxa_RMVygfXvzx0PQgRn5v3RUQ2mi6OiAPd8OHaj0LtDwzyABZJr5ySu2xAJ4dlGQdI\/s640\/CARTEL+III+CARRERA+POPULAR+DE+JUZBADO+web.jpg\" title=\"Carrera popular Juzbado\" width=\"452\" \/><\/a><\/div>\n<p><span style=\"font-family: &quot;arial&quot; , &quot;helvetica&quot; , sans-serif;\"><span style=\"font-size: large;\"><\/p>\n<p>En esta III edici\u00f3n de la marcha del<br \/>\nTormes, invitaremos a todos los participantes a entrar durante todo el<br \/>\nd\u00eda y gratuitamente a nuestras piscinas municipales.&nbsp; Tambi\u00e9n<br \/>\nqueremos llamar la atenci\u00f3n sobre la posibilidad de que los m\u00e1s<br \/>\npeque\u00f1os y las familias acompa\u00f1antes participen en los juegos<br \/>\ninfantiles que tendr\u00e1n lugar en las piscinas a partir de las 12 del<br \/>\nmediod\u00eda. Para rematar la jornada deportiva, se invita a participantes<br \/>\ny acompa\u00f1antes a la merienda-cena popular que tendr\u00e1 lugar a las 21:00<br \/>\nh. en la plaza de la iglesia.<\/p>\n<p>En definitiva, una jornada festiva en torno al deporte y la familia en el municipio de <a href=\"https:\/\/www.facebook.com\/juzbado\/\" target=\"_blank\"><b>Juzbado<\/b><\/a>.&nbsp; Sois bienvenidos.<\/span><\/span><\/div>\n","protected":false},"excerpt":{"rendered":"<p>El municipio tormesino de Juzbado celebra su tercera edici\u00f3n de la carrera popular conocida como \u201cMarcha del Tormes\u201d. Se trata de un evento deportivo puntuable dentro del calendario provincial de carreras 2016 y que este a\u00f1o tiene como novedad el aumento de la distancia a recorrer con respecto al a\u00f1o pasado. La longitud del circuito [&hellip;]<\/p>\n","protected":false},"author":1,"featured_media":0,"comment_status":"open","ping_status":"open","sticky":false,"template":"","format":"standard","meta":{"saved_in_kubio":false,"footnotes":""},"categories":[655],"tags":[],"class_list":["post-728","post","type-post","status-publish","format-standard","hentry","category-carrera-popular"],"_links":{"self":[{"href":"https:\/\/juzbado.es\/nuevaweb\/wp-json\/wp\/v2\/posts\/728","targetHints":{"allow":["GET"]}}],"collection":[{"href":"https:\/\/juzbado.es\/nuevaweb\/wp-json\/wp\/v2\/posts"}],"about":[{"href":"https:\/\/juzbado.es\/nuevaweb\/wp-json\/wp\/v2\/types\/post"}],"author":[{"embeddable":true,"href":"https:\/\/juzbado.es\/nuevaweb\/wp-json\/wp\/v2\/users\/1"}],"replies":[{"embeddable":true,"href":"https:\/\/juzbado.es\/nuevaweb\/wp-json\/wp\/v2\/comments?post=728"}],"version-history":[{"count":0,"href":"https:\/\/juzbado.es\/nuevaweb\/wp-json\/wp\/v2\/posts\/728\/revisions"}],"wp:attachment":[{"href":"https:\/\/juzbado.es\/nuevaweb\/wp-json\/wp\/v2\/media?parent=728"}],"wp:term":[{"taxonomy":"category","embeddable":true,"href":"https:\/\/juzbado.es\/nuevaweb\/wp-json\/wp\/v2\/categories?post=728"},{"taxonomy":"post_tag","embeddable":true,"href":"https:\/\/juzbado.es\/nuevaweb\/wp-json\/wp\/v2\/tags?post=728"}],"curies":[{"name":"wp","href":"https:\/\/api.w.org\/{rel}","templated":true}]}}