{"id":73,"date":"2024-03-08T17:24:00","date_gmt":"2024-03-08T16:24:00","guid":{"rendered":"http:\/\/juzbado.es\/nuevaweb\/2024\/03\/08\/plantacion-de-olmos-resistentes-a-la-grafiosis\/"},"modified":"2024-03-08T17:24:00","modified_gmt":"2024-03-08T16:24:00","slug":"plantacion-de-olmos-resistentes-a-la-grafiosis","status":"publish","type":"post","link":"https:\/\/juzbado.es\/nuevaweb\/2024\/03\/08\/plantacion-de-olmos-resistentes-a-la-grafiosis\/","title":{"rendered":"PLANTACI\u00d3N DE OLMOS RESISTENTES A LA GRAFIOSIS"},"content":{"rendered":"<p style=\"text-align: justify;\"><span style=\"font-family: arial;\"><span style=\"font-size: medium;\">El pr\u00f3ximo s\u00e1bado 16 de marzo de 2024 os invitamos a participar en voluntariado consistente en una plantaci\u00f3n de olmos. Tenemos preparados 100 ejemplares de olmos (<i>Ulmus minor<\/i> Mill.) de dos clones (<\/span><\/span><span style=\"font-family: arial;\"><span style=\"font-size: medium;\">Clon Dehesa de Amaniel y Clon Retiro) <\/span><\/span><span style=\"font-family: arial;\"><span style=\"font-size: medium;\">resistentes a la <a href=\"https:\/\/www.mapa.gob.es\/ministerio\/pags\/biblioteca\/hojas\/hd_1985_19.pdf\" target=\"_blank\">grafiosis<\/a> que nos ha donado -previa petici\u00f3n- el <a href=\"https:\/\/www.miteco.gob.es\/es.html\" target=\"_blank\">Ministerio para la Transici\u00f3n Ecol\u00f3gica y el Reto Demogr\u00e1fico<\/a> a trav\u00e9s de<\/span><\/span><span style=\"font-family: arial;\"><span style=\"font-size: medium;\">l <a href=\"https:\/\/www.miteco.gob.es\/es\/biodiversidad\/temas\/recursos-geneticos\/geneticos-forestales\/rgf_red_centros.html\" target=\"_blank\">Centro Nacional de Recursos Gen\u00e9ticos Forestales de Valsa\u00edn<\/a>. Tenemos disponibles ejemplares de olmos resistentes a la grafiosis que deseamos plantar con vuestra ayuda en la ribera tormesina a su paso por Juzbado. Ser\u00e1 el s\u00e1bado 16 <\/span><\/span><span style=\"font-family: arial;\"><span style=\"font-size: medium;\">por la ma\u00f1ana a partir de las 11:00 h. en la ribera del Tormes.<\/span><\/span><\/p>\n<p style=\"text-align: justify;\"><span style=\"font-family: arial;\"><span style=\"font-size: medium;\">Para contar con una estimaci\u00f3n de las personas participantes os pedimos que os inscrib\u00e1is gratuitamente en <b><a href=\"https:\/\/docs.google.com\/forms\/d\/e\/1FAIpQLScwkFM5IuZ2g-zNz8t24qEXiXFikLueGFvadzTyWuuJFBWOhA\/viewform?usp=sf_link\" target=\"_blank\">este link<\/a><\/b> antes del jueves 14 de marzo. Tambi\u00e9n pod\u00e9is escanear el c\u00f3digo QR del cartel para formalizar la inscripci\u00f3n.<\/span><\/span><\/p>\n<div style=\"clear: both; text-align: center;\"><a href=\"https:\/\/blogger.googleusercontent.com\/img\/b\/R29vZ2xl\/AVvXsEgjzhfa7D5AM8FsxQpCTJ_9ifivocmZjHbnTF1Imvr7U449WTjt6pz-DKnmwDfh9RaZmfFwh9S86qYZ7MBQK74gcnXi-kQyCZKh5CBN0oOCDGrznFFd1LHB6KdHl6_tXv_lSxpgMCGFFzTw8iZ7eo0l0TbB5Mu_ctpADcWuMw4C6IXnRw9fOH-5JVrSIck\/s1600\/Juzbado%20plantaci%C3%B3n%20olmos%202024.jpeg\" style=\"margin-left: 1em; margin-right: 1em;\"><img loading=\"lazy\" decoding=\"async\" alt=\"Juzbado, Grafiosis, plantas de Juzbado,voluntariado, marzo, 2024, olmos, ulmus minor, Clon retiro, clon dehesa amaniel\" border=\"0\" data-original-height=\"1600\" data-original-width=\"1600\" height=\"640\" src=\"https:\/\/blogger.googleusercontent.com\/img\/b\/R29vZ2xl\/AVvXsEgjzhfa7D5AM8FsxQpCTJ_9ifivocmZjHbnTF1Imvr7U449WTjt6pz-DKnmwDfh9RaZmfFwh9S86qYZ7MBQK74gcnXi-kQyCZKh5CBN0oOCDGrznFFd1LHB6KdHl6_tXv_lSxpgMCGFFzTw8iZ7eo0l0TbB5Mu_ctpADcWuMw4C6IXnRw9fOH-5JVrSIck\/w640-h640\/Juzbado%20plantaci%C3%B3n%20olmos%202024.jpeg\" title=\"Juzbado, Grafiosis, plantas de Juzbado,voluntariado, marzo, 2024, olmos, ulmus minor, Clon retiro, clon dehesa amaniel\" width=\"640\" \/><\/a><\/div>\n","protected":false},"excerpt":{"rendered":"<p>El pr\u00f3ximo s\u00e1bado 16 de marzo de 2024 os invitamos a participar en voluntariado consistente en una plantaci\u00f3n de olmos. Tenemos preparados 100 ejemplares de olmos (Ulmus minor Mill.) de dos clones (Clon Dehesa de Amaniel y Clon Retiro) resistentes a la grafiosis que nos ha donado -previa petici\u00f3n- el Ministerio para la Transici\u00f3n Ecol\u00f3gica [&hellip;]<\/p>\n","protected":false},"author":2,"featured_media":0,"comment_status":"open","ping_status":"open","sticky":false,"template":"","format":"standard","meta":{"saved_in_kubio":false,"footnotes":""},"categories":[43,243,242,247,225,244,241,246,245],"tags":[],"class_list":["post-73","post","type-post","status-publish","format-standard","hentry","category-43","category-clon-dehesa-amaniel","category-clon-retiro","category-grafiosis","category-marzo","category-olmos","category-plantas-de-juzbado","category-ulmus-minor","category-voluntariado"],"_links":{"self":[{"href":"https:\/\/juzbado.es\/nuevaweb\/wp-json\/wp\/v2\/posts\/73","targetHints":{"allow":["GET"]}}],"collection":[{"href":"https:\/\/juzbado.es\/nuevaweb\/wp-json\/wp\/v2\/posts"}],"about":[{"href":"https:\/\/juzbado.es\/nuevaweb\/wp-json\/wp\/v2\/types\/post"}],"author":[{"embeddable":true,"href":"https:\/\/juzbado.es\/nuevaweb\/wp-json\/wp\/v2\/users\/2"}],"replies":[{"embeddable":true,"href":"https:\/\/juzbado.es\/nuevaweb\/wp-json\/wp\/v2\/comments?post=73"}],"version-history":[{"count":0,"href":"https:\/\/juzbado.es\/nuevaweb\/wp-json\/wp\/v2\/posts\/73\/revisions"}],"wp:attachment":[{"href":"https:\/\/juzbado.es\/nuevaweb\/wp-json\/wp\/v2\/media?parent=73"}],"wp:term":[{"taxonomy":"category","embeddable":true,"href":"https:\/\/juzbado.es\/nuevaweb\/wp-json\/wp\/v2\/categories?post=73"},{"taxonomy":"post_tag","embeddable":true,"href":"https:\/\/juzbado.es\/nuevaweb\/wp-json\/wp\/v2\/tags?post=73"}],"curies":[{"name":"wp","href":"https:\/\/api.w.org\/{rel}","templated":true}]}}