{"id":747,"date":"2014-05-16T16:30:00","date_gmt":"2014-05-16T14:30:00","guid":{"rendered":"http:\/\/juzbado.es\/nuevaweb\/2014\/05\/16\/v-certamen-juzbado-de-pintura-en-el-medio-rural-2\/"},"modified":"2014-05-16T16:30:00","modified_gmt":"2014-05-16T14:30:00","slug":"v-certamen-juzbado-de-pintura-en-el-medio-rural-2","status":"publish","type":"post","link":"https:\/\/juzbado.es\/nuevaweb\/2014\/05\/16\/v-certamen-juzbado-de-pintura-en-el-medio-rural-2\/","title":{"rendered":"V CERTAMEN JUZBADO DE PINTURA EN EL MEDIO RURAL"},"content":{"rendered":"<div style=\"background-color: white; color: #222222; font-family: arial, sans-serif; text-align: justify;\">\nEstimados amigos de Juzbado,&nbsp;<\/div>\n<div style=\"background-color: white; color: #222222; font-family: arial, sans-serif; text-align: justify;\">\n<\/div>\n<div style=\"background-color: white; color: #222222; font-family: arial, sans-serif; text-align: justify;\">\nOs anunciaros el&nbsp;<b>5\u00ba Certamen Juzbado de Pintura en el Medio Rural<\/b>&nbsp;que se celebrar\u00e1 el d\u00eda 7 de junio (s\u00e1bado) en nuestro municipio.<\/div>\n<div style=\"background-color: white; color: #222222; font-family: arial, sans-serif; text-align: justify;\">\n<\/div>\n<div style=\"background-color: white; color: #222222; font-family: arial, sans-serif; text-align: justify;\">\nComo en ocasiones pasadas, os invitamos a participar y a disfrutar con nosotros en Juzbado de una jornada festiva en torno a la pintura y a las artes. Est\u00e1 previsto que celebremos una comida popular y que la jornada est\u00e9 amenizada con otras actividades que os anunciaremos en pocos d\u00edas. &nbsp;No dud\u00e9is y venid acompa\u00f1ados de vuestras familias y amigos.<\/div>\n<div style=\"background-color: white; color: #222222; font-family: arial, sans-serif; text-align: justify;\">\n<\/div>\n<div style=\"background-color: white; color: #222222; font-family: arial, sans-serif; text-align: justify;\">\nOs adjuntamos un cartel del certamen y, m\u00e1s abajo, las bases de esta quinta edici\u00f3n.<\/div>\n<div style=\"background-color: white; color: #222222; font-family: arial, sans-serif; text-align: justify;\">\n<\/div>\n<div style=\"clear: both; text-align: center;\">\n<a href=\"https:\/\/blogger.googleusercontent.com\/img\/b\/R29vZ2xl\/AVvXsEiRxRofSBMBmDxfYwLCZUmghFdkdVsfkM89Q8e79tGSskyJ7E7CsTqm1umu-5dZFU_AeycGXp0_IysoPgVstmyMxwXEsk7CICDZ_Ih_EemncqpvCBYT7TnXf6P5V4eWLm1lR8Sgks_ch3A\/s1600\/cartel+certamen+Juzbado+2014+WEB.jpg\" style=\"margin-left: 1em; margin-right: 1em;\"><img loading=\"lazy\" decoding=\"async\" alt=\"Juzbado, V certamen de pintura en el medio rural\" border=\"0\" src=\"https:\/\/blogger.googleusercontent.com\/img\/b\/R29vZ2xl\/AVvXsEiRxRofSBMBmDxfYwLCZUmghFdkdVsfkM89Q8e79tGSskyJ7E7CsTqm1umu-5dZFU_AeycGXp0_IysoPgVstmyMxwXEsk7CICDZ_Ih_EemncqpvCBYT7TnXf6P5V4eWLm1lR8Sgks_ch3A\/s1600\/cartel+certamen+Juzbado+2014+WEB.jpg\" height=\"640\" title=\"www.juzbado.es\" width=\"452\" \/><\/a><\/div>\n<div style=\"clear: both; text-align: center;\">\n<\/div>\n<div style=\"clear: both; text-align: left;\">\n<span style=\"color: red; font-family: Arial, Helvetica, sans-serif;\"><b><a href=\"https:\/\/drive.google.com\/file\/d\/0B0vjVkzdPU3OcFY2czJ3Vzl6S2s\/edit?usp=sharing\" target=\"_blank\">DESCARGA LAS BASES<\/a><\/b><\/span><\/div>\n<div style=\"clear: both; text-align: left;\">\n<span style=\"color: red; font-family: Arial, Helvetica, sans-serif;\"><b><a href=\"https:\/\/drive.google.com\/file\/d\/0B0vjVkzdPU3OVnhHR3M1TEMtMHc\/edit?usp=sharing\" target=\"_blank\">DESCARGA EL CARTEL<\/a><\/b><\/span><\/div>\n<div style=\"background-color: white; font-family: arial, sans-serif; text-align: left;\">\n<\/div>\n","protected":false},"excerpt":{"rendered":"<p>Estimados amigos de Juzbado,&nbsp; Os anunciaros el&nbsp;5\u00ba Certamen Juzbado de Pintura en el Medio Rural&nbsp;que se celebrar\u00e1 el d\u00eda 7 de junio (s\u00e1bado) en nuestro municipio. Como en ocasiones pasadas, os invitamos a participar y a disfrutar con nosotros en Juzbado de una jornada festiva en torno a la pintura y a las artes. Est\u00e1 [&hellip;]<\/p>\n","protected":false},"author":1,"featured_media":0,"comment_status":"open","ping_status":"open","sticky":false,"template":"","format":"standard","meta":{"saved_in_kubio":false,"footnotes":""},"categories":[1],"tags":[],"class_list":["post-747","post","type-post","status-publish","format-standard","hentry","category-sin-categoria"],"_links":{"self":[{"href":"https:\/\/juzbado.es\/nuevaweb\/wp-json\/wp\/v2\/posts\/747","targetHints":{"allow":["GET"]}}],"collection":[{"href":"https:\/\/juzbado.es\/nuevaweb\/wp-json\/wp\/v2\/posts"}],"about":[{"href":"https:\/\/juzbado.es\/nuevaweb\/wp-json\/wp\/v2\/types\/post"}],"author":[{"embeddable":true,"href":"https:\/\/juzbado.es\/nuevaweb\/wp-json\/wp\/v2\/users\/1"}],"replies":[{"embeddable":true,"href":"https:\/\/juzbado.es\/nuevaweb\/wp-json\/wp\/v2\/comments?post=747"}],"version-history":[{"count":0,"href":"https:\/\/juzbado.es\/nuevaweb\/wp-json\/wp\/v2\/posts\/747\/revisions"}],"wp:attachment":[{"href":"https:\/\/juzbado.es\/nuevaweb\/wp-json\/wp\/v2\/media?parent=747"}],"wp:term":[{"taxonomy":"category","embeddable":true,"href":"https:\/\/juzbado.es\/nuevaweb\/wp-json\/wp\/v2\/categories?post=747"},{"taxonomy":"post_tag","embeddable":true,"href":"https:\/\/juzbado.es\/nuevaweb\/wp-json\/wp\/v2\/tags?post=747"}],"curies":[{"name":"wp","href":"https:\/\/api.w.org\/{rel}","templated":true}]}}