{"id":748,"date":"2014-05-13T18:45:00","date_gmt":"2014-05-13T16:45:00","guid":{"rendered":"http:\/\/juzbado.es\/nuevaweb\/2014\/05\/13\/san-isidro-labrador\/"},"modified":"2014-05-13T18:45:00","modified_gmt":"2014-05-13T16:45:00","slug":"san-isidro-labrador","status":"publish","type":"post","link":"https:\/\/juzbado.es\/nuevaweb\/2014\/05\/13\/san-isidro-labrador\/","title":{"rendered":"SAN ISIDRO LABRADOR"},"content":{"rendered":"<div style=\"text-align: justify;\">\n<span style=\"font-family: &quot;arial&quot; , &quot;helvetica&quot; , sans-serif;\">Una vez m\u00e1s, los agricultores y ganaderos rinden homenaje a su patr\u00f3n para que este a\u00f1o podamos disfrutar de una buena cosecha y, en general, de una buena salud en campo. Una circunstancia que afecta al devenir agr\u00edcola y ganadero y por lo tanto a todos. &nbsp;Para ello, se celebrar\u00e1 una misa en honor a San Isidro Labrador, una bendici\u00f3n en las eras y, finalmente, se ofrecer\u00e1 una comida ligera a todos los vecinos de Juzbado.<\/span><\/div>\n<div style=\"text-align: justify;\">\n<span style=\"font-family: &quot;arial&quot; , &quot;helvetica&quot; , sans-serif;\"><br \/><\/span><\/div>\n<div style=\"text-align: justify;\">\n<div style=\"clear: both; text-align: center;\">\n<a href=\"https:\/\/blogger.googleusercontent.com\/img\/b\/R29vZ2xl\/AVvXsEjzbKulAugtRHy-gl3ZyiOLt7amTITmowbsOb4m-DpBTdSLU9832Kx6Co1eAR3MjaGFTcBTuVnmrVx6ApjKAmhBv7zhLJsydMa_i_RRqFibD4XE4tXUNwGzyI89BZOoVTUSEThA7WwU6Zg\/s1600\/san+isidro+labrador+15+mayo+2014+WEB.jpg\" style=\"margin-left: 1em; margin-right: 1em;\"><img loading=\"lazy\" decoding=\"async\" alt=\"Juzbado, san isidro labrador 2014\" border=\"0\" height=\"640\" src=\"https:\/\/blogger.googleusercontent.com\/img\/b\/R29vZ2xl\/AVvXsEjzbKulAugtRHy-gl3ZyiOLt7amTITmowbsOb4m-DpBTdSLU9832Kx6Co1eAR3MjaGFTcBTuVnmrVx6ApjKAmhBv7zhLJsydMa_i_RRqFibD4XE4tXUNwGzyI89BZOoVTUSEThA7WwU6Zg\/s1600\/san+isidro+labrador+15+mayo+2014+WEB.jpg\" title=\"www.juzbado.es\" width=\"451\" \/><\/a><\/div>\n<div style=\"clear: both; text-align: center;\">\n<\/div>\n<div style=\"clear: both; text-align: center;\">\n<span style=\"font-family: &quot;arial&quot; , &quot;helvetica&quot; , sans-serif;\"><b><a href=\"http:\/\/www.facebook.com\/juzbado\" target=\"_blank\">Pod\u00e9is ver algunas instant\u00e1neas en nuestro facebook<\/a><\/b><\/span><\/div>\n<p><span style=\"font-family: &quot;arial&quot; , &quot;helvetica&quot; , sans-serif;\"><span><\/span><span><\/span><br \/><\/span><\/div>\n","protected":false},"excerpt":{"rendered":"<p>Una vez m\u00e1s, los agricultores y ganaderos rinden homenaje a su patr\u00f3n para que este a\u00f1o podamos disfrutar de una buena cosecha y, en general, de una buena salud en campo. Una circunstancia que afecta al devenir agr\u00edcola y ganadero y por lo tanto a todos. &nbsp;Para ello, se celebrar\u00e1 una misa en honor a [&hellip;]<\/p>\n","protected":false},"author":2,"featured_media":0,"comment_status":"open","ping_status":"open","sticky":false,"template":"","format":"standard","meta":{"saved_in_kubio":false,"footnotes":""},"categories":[1],"tags":[],"class_list":["post-748","post","type-post","status-publish","format-standard","hentry","category-sin-categoria"],"_links":{"self":[{"href":"https:\/\/juzbado.es\/nuevaweb\/wp-json\/wp\/v2\/posts\/748","targetHints":{"allow":["GET"]}}],"collection":[{"href":"https:\/\/juzbado.es\/nuevaweb\/wp-json\/wp\/v2\/posts"}],"about":[{"href":"https:\/\/juzbado.es\/nuevaweb\/wp-json\/wp\/v2\/types\/post"}],"author":[{"embeddable":true,"href":"https:\/\/juzbado.es\/nuevaweb\/wp-json\/wp\/v2\/users\/2"}],"replies":[{"embeddable":true,"href":"https:\/\/juzbado.es\/nuevaweb\/wp-json\/wp\/v2\/comments?post=748"}],"version-history":[{"count":0,"href":"https:\/\/juzbado.es\/nuevaweb\/wp-json\/wp\/v2\/posts\/748\/revisions"}],"wp:attachment":[{"href":"https:\/\/juzbado.es\/nuevaweb\/wp-json\/wp\/v2\/media?parent=748"}],"wp:term":[{"taxonomy":"category","embeddable":true,"href":"https:\/\/juzbado.es\/nuevaweb\/wp-json\/wp\/v2\/categories?post=748"},{"taxonomy":"post_tag","embeddable":true,"href":"https:\/\/juzbado.es\/nuevaweb\/wp-json\/wp\/v2\/tags?post=748"}],"curies":[{"name":"wp","href":"https:\/\/api.w.org\/{rel}","templated":true}]}}