{"id":75,"date":"2024-03-05T13:34:00","date_gmt":"2024-03-05T12:34:00","guid":{"rendered":"http:\/\/juzbado.es\/nuevaweb\/2024\/03\/05\/juzbado-celebra-el-dia-internacional-de-la-mujer-2024\/"},"modified":"2024-03-05T13:34:00","modified_gmt":"2024-03-05T12:34:00","slug":"juzbado-celebra-el-dia-internacional-de-la-mujer-2024","status":"publish","type":"post","link":"https:\/\/juzbado.es\/nuevaweb\/2024\/03\/05\/juzbado-celebra-el-dia-internacional-de-la-mujer-2024\/","title":{"rendered":"JUZBADO CELEBRA EL D\u00cdA INTERNACIONAL DE LA MUJER 2024"},"content":{"rendered":"<p style=\"text-align: justify;\"><span style=\"font-size: medium;\"><span style=\"font-family: arial;\">El 8 de marzo es el <a href=\"https:\/\/www.un.org\/es\/observances\/womens-day\" target=\"_blank\"><span style=\"color: #800180;\">D\u00eda Internacional de la mujer<\/span><\/a>. La activa <a href=\"https:\/\/juzbado.blogspot.com\/p\/asociaciones.html\" target=\"_blank\">Asociaci\u00f3n de Mujeres de Juzbado<\/a> en colaboraci\u00f3n con el Ayuntamiento de Juzbado y otras entidades os propone un conjunto de actos y celebraciones para el d\u00eda 9 de marzo, s\u00e1bado.&nbsp; Os invitamos a venir a participar en:<\/span><\/span><\/p>\n<p style=\"text-align: justify;\"><span style=\"font-size: medium;\"><span style=\"font-family: arial;\">12:00 h. <b>Coloquio radiof\u00f3nico en torno a las vidas y relatos delas mujeres de Juzbado.<\/b>&nbsp; Ser\u00e1 en el sal\u00f3n de actos del ayuntamiento. Os invitamos a que veng\u00e1is a hablar y a escuchar.&nbsp; Habr\u00e1 caf\u00e9 y pastas para todos. Con la presencia del <a href=\"https:\/\/colectivokhora.es\/\" target=\"_blank\">Colectivo Khora<\/a>.<br \/><\/span><\/span><\/p>\n<p style=\"text-align: justify;\"><span style=\"font-size: medium;\"><span style=\"font-family: arial;\">13:30 h. <b>Inauguraci\u00f3n de placas conmemorativas<\/b> en un lugar por decidir del pueblo.<\/span><\/span><\/p>\n<p style=\"text-align: justify;\"><span style=\"font-size: medium;\"><span style=\"font-family: arial;\">18:00 h. <b>Taller por la igualdad: reflexiones y creaciones.<\/b> Con la presencia de Mar\u00eda Tapirujo. <\/span><\/span><span style=\"font-size: medium;\"><span style=\"font-family: arial;\">Se leer\u00e1 el manifiesto del 8M. <\/span><\/span><span style=\"font-size: medium;\"><span style=\"font-family: arial;\">Lugar Sal\u00f3n de Actos. Patrocina la <a href=\"http:\/\/www.lasalina.es\/\" target=\"_blank\">Diputaci\u00f3n de Salamanca<\/a> a trav\u00e9s del <a href=\"http:\/\/www.lasalina.es\/Aplicaciones\/GestorInter.jsp?prestacion=Cipublico&amp;funcion=MuestraInformacionCeas0&amp;codCeas=6\" target=\"_blank\">CEAS de Ledesma.<\/a> <br \/><\/span><\/span><\/p>\n<p style=\"text-align: justify;\"><span style=\"font-size: medium;\"><span style=\"font-family: arial;\">La Asociaci\u00f3n de Mujeres invitar\u00e1 a todas las personas participantes a unos tentempi\u00e9s.<\/span><\/span><\/p>\n<p style=\"text-align: justify;\"><span style=\"font-size: medium;\"><span style=\"font-family: arial;\"><\/span><\/span><\/p>\n<\/p>\n<div style=\"clear: both; text-align: center;\"><a href=\"https:\/\/blogger.googleusercontent.com\/img\/b\/R29vZ2xl\/AVvXsEhb9-1sHABuN8Grc4VZW0jWEMVHr5UzDKYdi_JKJYeONpIijxNIlo-o9-Uk5DSNhhEdGrOLRPbz9hZVckKeqisIEuRpT9sY8z2cRLSDzgNq9grRyn1_uRDvlXEganV7o7UwBrM3oRcA0ST_Rg8ijpJUEAn8hv3CyWvG-aOeWhZdFaSTxAvKzidBMZRZaig\/s3508\/cartel%20general%208%20de%20marzo%202024.jpg\" style=\"margin-left: 1em; margin-right: 1em;\"><img loading=\"lazy\" decoding=\"async\" alt=\"Juzbado, 8M, asociaci\u00f3n de mujeres, 2024\" border=\"0\" data-original-height=\"3508\" data-original-width=\"2480\" height=\"640\" src=\"https:\/\/blogger.googleusercontent.com\/img\/b\/R29vZ2xl\/AVvXsEhb9-1sHABuN8Grc4VZW0jWEMVHr5UzDKYdi_JKJYeONpIijxNIlo-o9-Uk5DSNhhEdGrOLRPbz9hZVckKeqisIEuRpT9sY8z2cRLSDzgNq9grRyn1_uRDvlXEganV7o7UwBrM3oRcA0ST_Rg8ijpJUEAn8hv3CyWvG-aOeWhZdFaSTxAvKzidBMZRZaig\/w452-h640\/cartel%20general%208%20de%20marzo%202024.jpg\" title=\"Juzbado, 8M, asociaci\u00f3n de mujeres, 2024\" width=\"452\" \/><\/a><\/div>\n<p><\/p>\n","protected":false},"excerpt":{"rendered":"<p>El 8 de marzo es el D\u00eda Internacional de la mujer. La activa Asociaci\u00f3n de Mujeres de Juzbado en colaboraci\u00f3n con el Ayuntamiento de Juzbado y otras entidades os propone un conjunto de actos y celebraciones para el d\u00eda 9 de marzo, s\u00e1bado.&nbsp; Os invitamos a venir a participar en: 12:00 h. Coloquio radiof\u00f3nico en [&hellip;]<\/p>\n","protected":false},"author":2,"featured_media":0,"comment_status":"open","ping_status":"open","sticky":false,"template":"","format":"standard","meta":{"saved_in_kubio":false,"footnotes":""},"categories":[239,236,42,83,117,252,55,122,234,62],"tags":[],"class_list":["post-75","post","type-post","status-publish","format-standard","hentry","category-8-de-marzo","category-8m","category-asociacion-de-mujeres","category-ceas","category-colectivo-khora","category-dia-internacional-de-la-mujer","category-diputacion-de-salamanca","category-khora","category-manifiesto-8m","category-maria-tapirujo"],"_links":{"self":[{"href":"https:\/\/juzbado.es\/nuevaweb\/wp-json\/wp\/v2\/posts\/75","targetHints":{"allow":["GET"]}}],"collection":[{"href":"https:\/\/juzbado.es\/nuevaweb\/wp-json\/wp\/v2\/posts"}],"about":[{"href":"https:\/\/juzbado.es\/nuevaweb\/wp-json\/wp\/v2\/types\/post"}],"author":[{"embeddable":true,"href":"https:\/\/juzbado.es\/nuevaweb\/wp-json\/wp\/v2\/users\/2"}],"replies":[{"embeddable":true,"href":"https:\/\/juzbado.es\/nuevaweb\/wp-json\/wp\/v2\/comments?post=75"}],"version-history":[{"count":0,"href":"https:\/\/juzbado.es\/nuevaweb\/wp-json\/wp\/v2\/posts\/75\/revisions"}],"wp:attachment":[{"href":"https:\/\/juzbado.es\/nuevaweb\/wp-json\/wp\/v2\/media?parent=75"}],"wp:term":[{"taxonomy":"category","embeddable":true,"href":"https:\/\/juzbado.es\/nuevaweb\/wp-json\/wp\/v2\/categories?post=75"},{"taxonomy":"post_tag","embeddable":true,"href":"https:\/\/juzbado.es\/nuevaweb\/wp-json\/wp\/v2\/tags?post=75"}],"curies":[{"name":"wp","href":"https:\/\/api.w.org\/{rel}","templated":true}]}}