{"id":752,"date":"2014-04-21T12:29:00","date_gmt":"2014-04-21T10:29:00","guid":{"rendered":"http:\/\/juzbado.es\/nuevaweb\/2014\/04\/21\/concierto-de-clarinetes-3\/"},"modified":"2014-04-21T12:29:00","modified_gmt":"2014-04-21T10:29:00","slug":"concierto-de-clarinetes-3","status":"publish","type":"post","link":"https:\/\/juzbado.es\/nuevaweb\/2014\/04\/21\/concierto-de-clarinetes-3\/","title":{"rendered":"CONCIERTO DE CLARINETES"},"content":{"rendered":"<div style=\"text-align: justify;\">\n<span style=\"font-family: Arial, Helvetica, sans-serif;\">El inicio de nuestra programaci\u00f3n cultural es musical. Se trata del <b>cuarteto de clarinetes de la Escuela de M\u00fasica Sirinx<\/b>. interpretar\u00e1n piezas variadas y el concierto se celebrar\u00e1 en el sal\u00f3n de actos del Ayuntamiento a las 18:00 h. del s\u00e1bado 26 de abril.<\/span><\/div>\n<div style=\"text-align: justify;\">\n<span style=\"font-family: Arial, Helvetica, sans-serif;\"><br \/><\/span><\/div>\n<div style=\"clear: both; text-align: center;\">\n<a href=\"https:\/\/blogger.googleusercontent.com\/img\/b\/R29vZ2xl\/AVvXsEhzPZ29-EXszhHb7ioLNtnBpyNSI-fzS8xo4peWsmfqSpEbK494-P_PZ7QaZRVkDYHKAoJ0ozSAkymkXzac6YQWBLnGbM-5si3MfwJMUkmb3MXaiW3fbNSA7blT5cBPXJ73QsSCc3Bpxoo\/s1600\/cuarteto+de+calrinetes+26+de+abril+2014+WEB.jpg\" style=\"margin-left: 1em; margin-right: 1em;\"><img loading=\"lazy\" decoding=\"async\" alt=\"Juzbado, m\u00fasica\" border=\"0\" src=\"https:\/\/blogger.googleusercontent.com\/img\/b\/R29vZ2xl\/AVvXsEhzPZ29-EXszhHb7ioLNtnBpyNSI-fzS8xo4peWsmfqSpEbK494-P_PZ7QaZRVkDYHKAoJ0ozSAkymkXzac6YQWBLnGbM-5si3MfwJMUkmb3MXaiW3fbNSA7blT5cBPXJ73QsSCc3Bpxoo\/s1600\/cuarteto+de+calrinetes+26+de+abril+2014+WEB.jpg\" height=\"640\" title=\"www.juzbado.es\" width=\"452\" \/><\/a><\/div>\n<div style=\"text-align: justify;\">\n<span style=\"font-family: Arial, Helvetica, sans-serif;\"><br \/><\/span><\/div>\n","protected":false},"excerpt":{"rendered":"<p>El inicio de nuestra programaci\u00f3n cultural es musical. Se trata del cuarteto de clarinetes de la Escuela de M\u00fasica Sirinx. interpretar\u00e1n piezas variadas y el concierto se celebrar\u00e1 en el sal\u00f3n de actos del Ayuntamiento a las 18:00 h. del s\u00e1bado 26 de abril.<\/p>\n","protected":false},"author":1,"featured_media":0,"comment_status":"open","ping_status":"open","sticky":false,"template":"","format":"standard","meta":{"saved_in_kubio":false,"footnotes":""},"categories":[1],"tags":[],"class_list":["post-752","post","type-post","status-publish","format-standard","hentry","category-sin-categoria"],"_links":{"self":[{"href":"https:\/\/juzbado.es\/nuevaweb\/wp-json\/wp\/v2\/posts\/752","targetHints":{"allow":["GET"]}}],"collection":[{"href":"https:\/\/juzbado.es\/nuevaweb\/wp-json\/wp\/v2\/posts"}],"about":[{"href":"https:\/\/juzbado.es\/nuevaweb\/wp-json\/wp\/v2\/types\/post"}],"author":[{"embeddable":true,"href":"https:\/\/juzbado.es\/nuevaweb\/wp-json\/wp\/v2\/users\/1"}],"replies":[{"embeddable":true,"href":"https:\/\/juzbado.es\/nuevaweb\/wp-json\/wp\/v2\/comments?post=752"}],"version-history":[{"count":0,"href":"https:\/\/juzbado.es\/nuevaweb\/wp-json\/wp\/v2\/posts\/752\/revisions"}],"wp:attachment":[{"href":"https:\/\/juzbado.es\/nuevaweb\/wp-json\/wp\/v2\/media?parent=752"}],"wp:term":[{"taxonomy":"category","embeddable":true,"href":"https:\/\/juzbado.es\/nuevaweb\/wp-json\/wp\/v2\/categories?post=752"},{"taxonomy":"post_tag","embeddable":true,"href":"https:\/\/juzbado.es\/nuevaweb\/wp-json\/wp\/v2\/tags?post=752"}],"curies":[{"name":"wp","href":"https:\/\/api.w.org\/{rel}","templated":true}]}}