{"id":753,"date":"2014-04-17T12:26:00","date_gmt":"2014-04-17T10:26:00","guid":{"rendered":"http:\/\/juzbado.es\/nuevaweb\/2014\/04\/17\/programacion-cultural-de-primavera-2014\/"},"modified":"2014-04-17T12:26:00","modified_gmt":"2014-04-17T10:26:00","slug":"programacion-cultural-de-primavera-2014","status":"publish","type":"post","link":"https:\/\/juzbado.es\/nuevaweb\/2014\/04\/17\/programacion-cultural-de-primavera-2014\/","title":{"rendered":"PROGRAMACI\u00d3N CULTURAL DE PRIMAVERA 2014"},"content":{"rendered":"<div style=\"text-align: justify;\">\n<span style=\"font-family: Arial, Helvetica, sans-serif;\">Os presentamos la programaci\u00f3n de la primavera cultural juzbadina para este a\u00f1o. A medida que vayamos celebrando cada uno de los acontecimientos, os iremos mostrando con antelaci\u00f3n los detalles y toda la informaci\u00f3n necesaria. Esperamos que os guste y pod\u00e1is participar.&nbsp;<\/span><\/div>\n<div style=\"text-align: justify;\">\n<span style=\"font-family: Arial, Helvetica, sans-serif;\"><br \/><\/span><\/div>\n<div style=\"clear: both; text-align: center;\">\n<a href=\"https:\/\/blogger.googleusercontent.com\/img\/b\/R29vZ2xl\/AVvXsEhtd7OF4S8Ck99HRWoJqmyv9_PvkQM6JlMViJbPtvYzOebPKMoTef3DuQ5A4HK5ymBj3-WfJBjoYjH7Uyd-zERFFv0wedCsLtyboSS6wfXHke_9hK-Bvp3OXMzy46zLmYJHOK8gDtXJpqM\/s1600\/ACTIVIDADES+DE+PRIMAVERA+juzbado+2014.jpg\" style=\"margin-left: 1em; margin-right: 1em;\"><img loading=\"lazy\" decoding=\"async\" alt=\"Juzbado, cultura\" border=\"0\" src=\"https:\/\/blogger.googleusercontent.com\/img\/b\/R29vZ2xl\/AVvXsEhtd7OF4S8Ck99HRWoJqmyv9_PvkQM6JlMViJbPtvYzOebPKMoTef3DuQ5A4HK5ymBj3-WfJBjoYjH7Uyd-zERFFv0wedCsLtyboSS6wfXHke_9hK-Bvp3OXMzy46zLmYJHOK8gDtXJpqM\/s1600\/ACTIVIDADES+DE+PRIMAVERA+juzbado+2014.jpg\" height=\"640\" title=\"www.juzbado.es\" width=\"451\" \/><\/a><\/div>\n<div style=\"text-align: justify;\">\n<span style=\"font-family: Arial, Helvetica, sans-serif;\"><br \/><\/span><\/div>\n","protected":false},"excerpt":{"rendered":"<p>Os presentamos la programaci\u00f3n de la primavera cultural juzbadina para este a\u00f1o. A medida que vayamos celebrando cada uno de los acontecimientos, os iremos mostrando con antelaci\u00f3n los detalles y toda la informaci\u00f3n necesaria. Esperamos que os guste y pod\u00e1is participar.&nbsp;<\/p>\n","protected":false},"author":2,"featured_media":0,"comment_status":"open","ping_status":"open","sticky":false,"template":"","format":"standard","meta":{"saved_in_kubio":false,"footnotes":""},"categories":[1],"tags":[],"class_list":["post-753","post","type-post","status-publish","format-standard","hentry","category-sin-categoria"],"_links":{"self":[{"href":"https:\/\/juzbado.es\/nuevaweb\/wp-json\/wp\/v2\/posts\/753","targetHints":{"allow":["GET"]}}],"collection":[{"href":"https:\/\/juzbado.es\/nuevaweb\/wp-json\/wp\/v2\/posts"}],"about":[{"href":"https:\/\/juzbado.es\/nuevaweb\/wp-json\/wp\/v2\/types\/post"}],"author":[{"embeddable":true,"href":"https:\/\/juzbado.es\/nuevaweb\/wp-json\/wp\/v2\/users\/2"}],"replies":[{"embeddable":true,"href":"https:\/\/juzbado.es\/nuevaweb\/wp-json\/wp\/v2\/comments?post=753"}],"version-history":[{"count":0,"href":"https:\/\/juzbado.es\/nuevaweb\/wp-json\/wp\/v2\/posts\/753\/revisions"}],"wp:attachment":[{"href":"https:\/\/juzbado.es\/nuevaweb\/wp-json\/wp\/v2\/media?parent=753"}],"wp:term":[{"taxonomy":"category","embeddable":true,"href":"https:\/\/juzbado.es\/nuevaweb\/wp-json\/wp\/v2\/categories?post=753"},{"taxonomy":"post_tag","embeddable":true,"href":"https:\/\/juzbado.es\/nuevaweb\/wp-json\/wp\/v2\/tags?post=753"}],"curies":[{"name":"wp","href":"https:\/\/api.w.org\/{rel}","templated":true}]}}