{"id":758,"date":"2014-02-28T19:30:00","date_gmt":"2014-02-28T18:30:00","guid":{"rendered":"http:\/\/juzbado.es\/nuevaweb\/2014\/02\/28\/juzbado-en-la-sexta-columna-2\/"},"modified":"2014-02-28T19:30:00","modified_gmt":"2014-02-28T18:30:00","slug":"juzbado-en-la-sexta-columna-2","status":"publish","type":"post","link":"https:\/\/juzbado.es\/nuevaweb\/2014\/02\/28\/juzbado-en-la-sexta-columna-2\/","title":{"rendered":"JUZBADO EN LA SEXTA COLUMNA"},"content":{"rendered":"<div style=\"text-align: justify;\">\n<span style=\"font-family: Arial, Helvetica, sans-serif;\"><span style=\"background-color: white; color: #333333; line-height: 18px;\">Queridos amigos: ma\u00f1ana, viernes 28, a las 21&#8217;30 en La Sexta, el programa <a href=\"http:\/\/www.lasexta.com\/programas\/sexta-columna\/\" target=\"_blank\">La sexta columna<\/a> emitir\u00e1 el reportaje \u00abAyuntamientos S. A.: clientes, no vecinos\u00bb (o algo as\u00ed). Entre otros lugares, aparecemos desde Juzbado denunciando la injusta,&nbsp;<\/span><span style=\"background-color: white; color: #333333; display: inline; line-height: 18px;\">salvaje e indiscriminada reforma local del gobierno. Parece que, tras mucha insistencia, los medios van intensificando su atenci\u00f3n sobre este grave problema. Si pod\u00e9is, vedlo (merecer\u00e1 la pena).<\/span><\/span><\/div>\n<div style=\"text-align: justify;\">\n<span style=\"background-color: white; color: #333333; display: inline; font-family: 'lucida grande', tahoma, verdana, arial, sans-serif; line-height: 18px;\"><br \/><\/span><\/div>\n<div style=\"clear: both; text-align: center;\">\n<a href=\"https:\/\/blogger.googleusercontent.com\/img\/b\/R29vZ2xl\/AVvXsEhguG4TPpzVZ4s3QE3jPiowl3Nw5vx_bNlv29hPkLwmfCvKq13P0X-LqR0sEnWd92w5yXDSsHJYPoKBkZIoJ6gtgaxfsqSaGe4z3Huevdp17fhkCF53Cs0cMcEyDg66Y9U4Uugi0ztWGRg\/s1600\/este+pueblo+no+se+vende_la+sexta+columna.jpg\" style=\"margin-left: 1em; margin-right: 1em;\"><img loading=\"lazy\" decoding=\"async\" alt=\"Juzbado\" border=\"0\" src=\"https:\/\/blogger.googleusercontent.com\/img\/b\/R29vZ2xl\/AVvXsEhguG4TPpzVZ4s3QE3jPiowl3Nw5vx_bNlv29hPkLwmfCvKq13P0X-LqR0sEnWd92w5yXDSsHJYPoKBkZIoJ6gtgaxfsqSaGe4z3Huevdp17fhkCF53Cs0cMcEyDg66Y9U4Uugi0ztWGRg\/s1600\/este+pueblo+no+se+vende_la+sexta+columna.jpg\" height=\"259\" title=\"www.juzbado.es\" width=\"640\" \/><\/a><\/div>\n<div style=\"text-align: justify;\">\n<span style=\"background-color: white; color: #333333; display: inline; font-family: 'lucida grande', tahoma, verdana, arial, sans-serif; line-height: 18px;\"><br \/><\/span><\/div>\n","protected":false},"excerpt":{"rendered":"<p>Queridos amigos: ma\u00f1ana, viernes 28, a las 21&#8217;30 en La Sexta, el programa La sexta columna emitir\u00e1 el reportaje \u00abAyuntamientos S. A.: clientes, no vecinos\u00bb (o algo as\u00ed). Entre otros lugares, aparecemos desde Juzbado denunciando la injusta,&nbsp;salvaje e indiscriminada reforma local del gobierno. Parece que, tras mucha insistencia, los medios van intensificando su atenci\u00f3n sobre [&hellip;]<\/p>\n","protected":false},"author":1,"featured_media":0,"comment_status":"open","ping_status":"open","sticky":false,"template":"","format":"standard","meta":{"saved_in_kubio":false,"footnotes":""},"categories":[1],"tags":[],"class_list":["post-758","post","type-post","status-publish","format-standard","hentry","category-sin-categoria"],"_links":{"self":[{"href":"https:\/\/juzbado.es\/nuevaweb\/wp-json\/wp\/v2\/posts\/758","targetHints":{"allow":["GET"]}}],"collection":[{"href":"https:\/\/juzbado.es\/nuevaweb\/wp-json\/wp\/v2\/posts"}],"about":[{"href":"https:\/\/juzbado.es\/nuevaweb\/wp-json\/wp\/v2\/types\/post"}],"author":[{"embeddable":true,"href":"https:\/\/juzbado.es\/nuevaweb\/wp-json\/wp\/v2\/users\/1"}],"replies":[{"embeddable":true,"href":"https:\/\/juzbado.es\/nuevaweb\/wp-json\/wp\/v2\/comments?post=758"}],"version-history":[{"count":0,"href":"https:\/\/juzbado.es\/nuevaweb\/wp-json\/wp\/v2\/posts\/758\/revisions"}],"wp:attachment":[{"href":"https:\/\/juzbado.es\/nuevaweb\/wp-json\/wp\/v2\/media?parent=758"}],"wp:term":[{"taxonomy":"category","embeddable":true,"href":"https:\/\/juzbado.es\/nuevaweb\/wp-json\/wp\/v2\/categories?post=758"},{"taxonomy":"post_tag","embeddable":true,"href":"https:\/\/juzbado.es\/nuevaweb\/wp-json\/wp\/v2\/tags?post=758"}],"curies":[{"name":"wp","href":"https:\/\/api.w.org\/{rel}","templated":true}]}}