{"id":761,"date":"2013-11-13T19:42:00","date_gmt":"2013-11-13T18:42:00","guid":{"rendered":"http:\/\/juzbado.es\/nuevaweb\/2013\/11\/13\/la-escuela-de-juzbado\/"},"modified":"2013-11-13T19:42:00","modified_gmt":"2013-11-13T18:42:00","slug":"la-escuela-de-juzbado","status":"publish","type":"post","link":"https:\/\/juzbado.es\/nuevaweb\/2013\/11\/13\/la-escuela-de-juzbado\/","title":{"rendered":"LA ESCUELA DE JUZBADO"},"content":{"rendered":"<div style=\"clear: both; text-align: justify;\">\n<span style=\"font-family: Arial, Helvetica, sans-serif;\">Esta fotograf\u00eda es de los ni\u00f1os y ni\u00f1as que estaban en la escuela de Juzbado all\u00e1 por la d\u00e9cada de los 50. Estamos seguros que conocer\u00e9is a muchos de los que aparecen junto al profesor. &nbsp;M\u00e1s abajo ten\u00e9is la fotograf\u00eda con los nombres que hemos podido colaborar de los mayores.<\/span><\/div>\n<div style=\"clear: both; text-align: center;\">\n<\/div>\n<div style=\"clear: both; text-align: center;\">\n<a href=\"https:\/\/blogger.googleusercontent.com\/img\/b\/R29vZ2xl\/AVvXsEg7NJ1cMP8vgPsp-2kx9FuxO0PsJ9dItjt2Vvq_7p4MP87kRhGb11-iGQIQOCCH2QlRJyIfvHVhh4o8Cq9Y77cNXr2pRGV2QE-6WFgDP0cklnfrdWntY5ppgWGCugiOQ_S5K6VQ-tP2eQw\/s1600\/colegio+juzbado+(Copiar).jpg\" style=\"margin-left: 1em; margin-right: 1em;\"><img loading=\"lazy\" decoding=\"async\" alt=\"Juzbado\" border=\"0\" src=\"https:\/\/blogger.googleusercontent.com\/img\/b\/R29vZ2xl\/AVvXsEg7NJ1cMP8vgPsp-2kx9FuxO0PsJ9dItjt2Vvq_7p4MP87kRhGb11-iGQIQOCCH2QlRJyIfvHVhh4o8Cq9Y77cNXr2pRGV2QE-6WFgDP0cklnfrdWntY5ppgWGCugiOQ_S5K6VQ-tP2eQw\/s1600\/colegio+juzbado+(Copiar).jpg\" height=\"444\" title=\"www.juzbado.es\" width=\"640\" \/><\/a><\/div>\n<div style=\"clear: both; text-align: center;\">\n<\/div>\n<div style=\"clear: both; text-align: center;\">\n<a href=\"https:\/\/blogger.googleusercontent.com\/img\/b\/R29vZ2xl\/AVvXsEiXwFuXwG77-48o-CbaRTUdC5RTosGm_3OF7szNVUMQSDyUMHqoruyS9Ao6vgnnLPkQiqbWbo5_671k7Oz8G4RlJJn6jfXkEaCB9SIEVeBjgqtA0lbu75Paex5NEvkMWTHjkfr646fWeJ0\/s1600\/juzbado+escuela.jpg\" style=\"margin-left: 1em; margin-right: 1em;\"><img loading=\"lazy\" decoding=\"async\" alt=\"juzbado\" border=\"0\" src=\"https:\/\/blogger.googleusercontent.com\/img\/b\/R29vZ2xl\/AVvXsEiXwFuXwG77-48o-CbaRTUdC5RTosGm_3OF7szNVUMQSDyUMHqoruyS9Ao6vgnnLPkQiqbWbo5_671k7Oz8G4RlJJn6jfXkEaCB9SIEVeBjgqtA0lbu75Paex5NEvkMWTHjkfr646fWeJ0\/s1600\/juzbado+escuela.jpg\" height=\"446\" title=\"www.juzbado.es\" width=\"640\" \/><\/a><\/div>\n<p><\/p>\n","protected":false},"excerpt":{"rendered":"<p>Esta fotograf\u00eda es de los ni\u00f1os y ni\u00f1as que estaban en la escuela de Juzbado all\u00e1 por la d\u00e9cada de los 50. Estamos seguros que conocer\u00e9is a muchos de los que aparecen junto al profesor. &nbsp;M\u00e1s abajo ten\u00e9is la fotograf\u00eda con los nombres que hemos podido colaborar de los mayores.<\/p>\n","protected":false},"author":2,"featured_media":0,"comment_status":"open","ping_status":"open","sticky":false,"template":"","format":"standard","meta":{"saved_in_kubio":false,"footnotes":""},"categories":[1],"tags":[],"class_list":["post-761","post","type-post","status-publish","format-standard","hentry","category-sin-categoria"],"_links":{"self":[{"href":"https:\/\/juzbado.es\/nuevaweb\/wp-json\/wp\/v2\/posts\/761","targetHints":{"allow":["GET"]}}],"collection":[{"href":"https:\/\/juzbado.es\/nuevaweb\/wp-json\/wp\/v2\/posts"}],"about":[{"href":"https:\/\/juzbado.es\/nuevaweb\/wp-json\/wp\/v2\/types\/post"}],"author":[{"embeddable":true,"href":"https:\/\/juzbado.es\/nuevaweb\/wp-json\/wp\/v2\/users\/2"}],"replies":[{"embeddable":true,"href":"https:\/\/juzbado.es\/nuevaweb\/wp-json\/wp\/v2\/comments?post=761"}],"version-history":[{"count":0,"href":"https:\/\/juzbado.es\/nuevaweb\/wp-json\/wp\/v2\/posts\/761\/revisions"}],"wp:attachment":[{"href":"https:\/\/juzbado.es\/nuevaweb\/wp-json\/wp\/v2\/media?parent=761"}],"wp:term":[{"taxonomy":"category","embeddable":true,"href":"https:\/\/juzbado.es\/nuevaweb\/wp-json\/wp\/v2\/categories?post=761"},{"taxonomy":"post_tag","embeddable":true,"href":"https:\/\/juzbado.es\/nuevaweb\/wp-json\/wp\/v2\/tags?post=761"}],"curies":[{"name":"wp","href":"https:\/\/api.w.org\/{rel}","templated":true}]}}