{"id":77,"date":"2024-02-29T20:10:00","date_gmt":"2024-02-29T19:10:00","guid":{"rendered":"http:\/\/juzbado.es\/nuevaweb\/2024\/02\/29\/tres-vecinos-de-juzbado-contribuyen-a-la-conservacion-del-patrimonio-inmaterial-de-salamanca\/"},"modified":"2024-02-29T20:10:00","modified_gmt":"2024-02-29T19:10:00","slug":"tres-vecinos-de-juzbado-contribuyen-a-la-conservacion-del-patrimonio-inmaterial-de-salamanca","status":"publish","type":"post","link":"https:\/\/juzbado.es\/nuevaweb\/2024\/02\/29\/tres-vecinos-de-juzbado-contribuyen-a-la-conservacion-del-patrimonio-inmaterial-de-salamanca\/","title":{"rendered":"TRES VECINOS DE JUZBADO CONTRIBUYEN A LA CONSERVACI\u00d3N DEL PATRIMONIO INMATERIAL DE SALAMANCA"},"content":{"rendered":"<p style=\"text-align: justify;\"><span style=\"font-family: arial; font-size: medium;\">El 18 de julio de 2016 debi\u00f3 ser un d\u00eda que recuerdan muy<br \/>\nbien <b>Rufino Fuentes S\u00e1nchez, Andr\u00e9s Fag\u00fandez Garc\u00eda y Joaqu\u00edn Fag\u00fandez Garc\u00eda<\/b>.<span>&nbsp; <\/span>Aquel d\u00eda, seguramente caluroso, del verano<br \/>\nde 2016 visit\u00f3 Juzbado Jos\u00e9 Luis Puerto, autor del libro <i>Leyendas de<br \/>\ntradici\u00f3n oral en la provincia de Salamanca<\/i> (Instituto de las Identidades,<br \/>\nDiputaci\u00f3n de Salamanca, 2018). Y, a juzgar por la transcripci\u00f3n de las<br \/>\nconversaciones que mantuvo el poeta, ensayista y editor salmantino, premio<br \/>\nCastilla y Le\u00f3n de las letras, con nuestros vecinos, debi\u00f3 ser un encuentro<br \/>\nagradable, cercano y lleno de aprendizajes y ense\u00f1adas para unos y para otros.<\/span><\/p>\n<p style=\"text-align: justify;\"><span style=\"font-family: arial; font-size: small;\"><\/span><\/p>\n<div style=\"clear: both; text-align: center;\"><span style=\"font-family: arial; font-size: small;\"><a href=\"https:\/\/blogger.googleusercontent.com\/img\/b\/R29vZ2xl\/AVvXsEjWkOpydyiosPvLgun6y8RrhzuD0GoyF89LtWiWNEiJ4mlxJHAWV0bXLEoc5-mTzWuDxlEDv6Hxe3SnG1IyN4ydZ7ZLfEGKvdouju0K87Se2Nn-pcau_ZhgFl4wpSQGQ8EhEi1z8hjLzie77QtB7dvgFl2sx-dvd69IpqHwdDR2UtpQcI5-h7dYf2Da38w\/s2000\/Juzbado%20Rufino%20Fuentes%20S%C3%A1nchez.jpg\" style=\"margin-left: 1em; margin-right: 1em;\"><img loading=\"lazy\" decoding=\"async\" border=\"0\" data-original-height=\"924\" data-original-width=\"2000\" height=\"296\" src=\"https:\/\/blogger.googleusercontent.com\/img\/b\/R29vZ2xl\/AVvXsEjWkOpydyiosPvLgun6y8RrhzuD0GoyF89LtWiWNEiJ4mlxJHAWV0bXLEoc5-mTzWuDxlEDv6Hxe3SnG1IyN4ydZ7ZLfEGKvdouju0K87Se2Nn-pcau_ZhgFl4wpSQGQ8EhEi1z8hjLzie77QtB7dvgFl2sx-dvd69IpqHwdDR2UtpQcI5-h7dYf2Da38w\/w640-h296\/Juzbado%20Rufino%20Fuentes%20S%C3%A1nchez.jpg\" width=\"640\" \/><\/a><\/span><\/div>\n<div style=\"text-align: justify;\"><span style=\"font-family: arial; font-size: medium;\"><b>A lo largo de m\u00e1s de 600 p\u00e1ginas, Jos\u00e9 Luis Puerto aborda un<br \/>\nconjunto variopintas tem\u00e1ticas en torno a la antropolog\u00eda de la leyenda y la<br \/>\ntradici\u00f3n <\/b>que recorre no solo con elocuentes y eruditos proleg\u00f3menos, sino que<br \/>\nlo hace fundamentalmente con los testimonios de vecinos y vecinas de m\u00e1s de 200<br \/>\npueblos de la provincia de Salamanca (recordemos que en Salamanca hay 362<br \/>\npueblos). <span>&nbsp;<\/span>Sin duda, una declaraci\u00f3n de<br \/>\nprincipios, incuestionable y muy pertinente, dada la r\u00e1pida transformaci\u00f3n de<br \/>\nnuestras sociedades durante las \u00faltimas d\u00e9cadas con valores cada vez m\u00e1s ef\u00edmero<br \/>\ny vol\u00e1tiles. <span>&nbsp;<\/span>Afortunadamente, tres de<br \/>\nnuestros vecinos m\u00e1s queridos -convertidos en \u201cinformantes\u201d-pudieron participar<br \/>\nen esta obra imprescindible de la identidad colectiva salmantina.<span>&nbsp; <\/span>&nbsp;<\/span><\/div>\n<\/p>\n<p style=\"text-align: justify;\"><span style=\"font-family: arial; font-size: medium;\"><b>Los testimonios que salpican las p\u00e1ginas de<br \/>\neste tratado enciclop\u00e9dico arrojan an\u00e9cdotas, relatos y constataciones de<br \/>\ndiversas leyendas y creencias que, gracias tambi\u00e9n a nuestros sabios, permanecer\u00e1n<br \/>\nrecogidas para siempre.<\/b><span>&nbsp; <\/span>Son, adem\u00e1s, exclusivas<br \/>\ndel imaginario juzbadino y, por lo tanto, parte indisoluble de nuestro pueblo. <span>&nbsp;<\/span>Se trata de un patrimonio inmaterial, de<br \/>\ntradici\u00f3n (y transmisi\u00f3n) oral, que no se puede palpar pero que, parad\u00f3jicamente,<br \/>\nse nos escurre entre los dedos a medida que vamos perdiendo a los vecinos mayores.<span>&nbsp; <\/span>Por eso, la recopilaci\u00f3n de estos valiosos<br \/>\ntestimonios, que generaci\u00f3n tras generaci\u00f3n han permanecido vivos hasta nuestros<br \/>\nd\u00edas, es un trabajo que debemos reconocer y agradecer.<span>&nbsp; <\/span>Ello permite mantener vigente el legado identitario<br \/>\nde nuestros pueblos y de sus habitantes.<span>&nbsp;<br \/>\n<\/span>En definitiva, la memoria de nuestros padres y madres y de nuestros<br \/>\nabuelos y abuelas\u2026<\/span><\/p>\n<p style=\"text-align: justify;\"><span style=\"font-family: arial; font-size: small;\"><\/span><\/p>\n<div style=\"clear: both; text-align: center;\"><span style=\"font-family: arial; font-size: small;\"><a href=\"https:\/\/blogger.googleusercontent.com\/img\/b\/R29vZ2xl\/AVvXsEiTJhdeh39KK-IXQzuyfcw9Nog6I7jlwyP_ktrPe-5kuDfuDv4wrv1-2WwnjCYfD9E39WQ11k_Tk5qzB9cXzxsqPl252MJ0vfcBQoJHWyQ34PMt9F-IwnArCRvLX0O-gOqzJuUeMFIcGioq6AVxNvc8xkHcRVfqQuZiK6utaUF_-QhkHZEoDk_GLUNjLiQ\/s2000\/WhatsApp%20Image%202024-02-29%20at%2019.53.02.jpeg\" style=\"margin-left: 1em; margin-right: 1em;\"><img loading=\"lazy\" decoding=\"async\" border=\"0\" data-original-height=\"924\" data-original-width=\"2000\" height=\"296\" src=\"https:\/\/blogger.googleusercontent.com\/img\/b\/R29vZ2xl\/AVvXsEiTJhdeh39KK-IXQzuyfcw9Nog6I7jlwyP_ktrPe-5kuDfuDv4wrv1-2WwnjCYfD9E39WQ11k_Tk5qzB9cXzxsqPl252MJ0vfcBQoJHWyQ34PMt9F-IwnArCRvLX0O-gOqzJuUeMFIcGioq6AVxNvc8xkHcRVfqQuZiK6utaUF_-QhkHZEoDk_GLUNjLiQ\/w640-h296\/WhatsApp%20Image%202024-02-29%20at%2019.53.02.jpeg\" width=\"640\" \/><\/a><\/span><\/div>\n<div style=\"text-align: justify;\"><span style=\"font-family: arial; font-size: medium;\"><span style=\"line-height: 107%;\"><b>Os invitamos a leer detenidamente este libro y, si os<br \/>\ntropez\u00e1is con los testimonios de Rufino, Joaqui y Andr\u00e9s<\/b>, no ser\u00e1 una coincidencia.<br \/>\nEllos tuvieron el privilegio de contarlo en el verano de 2016 y por eso les<br \/>\ndamos a ellos tambi\u00e9n las gracias. <span>&nbsp;<\/span>Por<br \/>\nsupuesto, est\u00e1 a vuestra disposici\u00f3n en la biblioteca municipal de Juzbado<\/span><\/span><\/div>\n<\/p>\n<p style=\"text-align: justify;\"><span style=\"font-family: arial; font-size: small;\"><span style=\"line-height: 107%;\"><\/span><\/span><\/p>\n<div style=\"clear: both; text-align: center;\"><span style=\"font-family: arial; font-size: small;\"><a href=\"https:\/\/blogger.googleusercontent.com\/img\/b\/R29vZ2xl\/AVvXsEisR7khnmDoNfjxt_CXklTnWsDNLPCFb7M7_I3JjjYO_tk_lrI-W_nMX4Gd47MNClBSvQ2yo8osqbzw-WNnQhC3LkcVNKfv1JRvIdhMfMCEvFnrbk2lSmEjGDVtcSyyvlBkcbIZDD8G1UVd5dN3tzpWuT1ZwrRVk5JyGRtQ0JpPFDw9Fyj32B5-TLo1j1E\/s2000\/WhatsApp%20Image%202024-02-29%20at%2019.53.09.jpeg\" style=\"margin-left: 1em; margin-right: 1em;\"><img loading=\"lazy\" decoding=\"async\" border=\"0\" data-original-height=\"924\" data-original-width=\"2000\" height=\"296\" src=\"https:\/\/blogger.googleusercontent.com\/img\/b\/R29vZ2xl\/AVvXsEisR7khnmDoNfjxt_CXklTnWsDNLPCFb7M7_I3JjjYO_tk_lrI-W_nMX4Gd47MNClBSvQ2yo8osqbzw-WNnQhC3LkcVNKfv1JRvIdhMfMCEvFnrbk2lSmEjGDVtcSyyvlBkcbIZDD8G1UVd5dN3tzpWuT1ZwrRVk5JyGRtQ0JpPFDw9Fyj32B5-TLo1j1E\/w640-h296\/WhatsApp%20Image%202024-02-29%20at%2019.53.09.jpeg\" width=\"640\" \/><\/a><\/span><\/div>\n<p><span style=\"font-family: arial; font-size: small;\"><br \/>&nbsp;<\/span><\/p>\n","protected":false},"excerpt":{"rendered":"<p>El 18 de julio de 2016 debi\u00f3 ser un d\u00eda que recuerdan muy bien Rufino Fuentes S\u00e1nchez, Andr\u00e9s Fag\u00fandez Garc\u00eda y Joaqu\u00edn Fag\u00fandez Garc\u00eda.&nbsp; Aquel d\u00eda, seguramente caluroso, del verano de 2016 visit\u00f3 Juzbado Jos\u00e9 Luis Puerto, autor del libro Leyendas de tradici\u00f3n oral en la provincia de Salamanca (Instituto de las Identidades, Diputaci\u00f3n de [&hellip;]<\/p>\n","protected":false},"author":2,"featured_media":0,"comment_status":"open","ping_status":"open","sticky":false,"template":"","format":"standard","meta":{"saved_in_kubio":false,"footnotes":""},"categories":[262,24,231,55,259,260,261,72],"tags":[],"class_list":["post-77","post","type-post","status-publish","format-standard","hentry","category-andres-fagundez-garcia","category-biblioteca","category-biblioteca-municipal","category-diputacion-de-salamanca","category-instituto-de-las-identidades","category-joaquin-fagundez-garcia","category-jose-luis-puerto","category-rufino-fuentes-sanchez"],"_links":{"self":[{"href":"https:\/\/juzbado.es\/nuevaweb\/wp-json\/wp\/v2\/posts\/77","targetHints":{"allow":["GET"]}}],"collection":[{"href":"https:\/\/juzbado.es\/nuevaweb\/wp-json\/wp\/v2\/posts"}],"about":[{"href":"https:\/\/juzbado.es\/nuevaweb\/wp-json\/wp\/v2\/types\/post"}],"author":[{"embeddable":true,"href":"https:\/\/juzbado.es\/nuevaweb\/wp-json\/wp\/v2\/users\/2"}],"replies":[{"embeddable":true,"href":"https:\/\/juzbado.es\/nuevaweb\/wp-json\/wp\/v2\/comments?post=77"}],"version-history":[{"count":0,"href":"https:\/\/juzbado.es\/nuevaweb\/wp-json\/wp\/v2\/posts\/77\/revisions"}],"wp:attachment":[{"href":"https:\/\/juzbado.es\/nuevaweb\/wp-json\/wp\/v2\/media?parent=77"}],"wp:term":[{"taxonomy":"category","embeddable":true,"href":"https:\/\/juzbado.es\/nuevaweb\/wp-json\/wp\/v2\/categories?post=77"},{"taxonomy":"post_tag","embeddable":true,"href":"https:\/\/juzbado.es\/nuevaweb\/wp-json\/wp\/v2\/tags?post=77"}],"curies":[{"name":"wp","href":"https:\/\/api.w.org\/{rel}","templated":true}]}}