{"id":78,"date":"2024-02-15T12:00:00","date_gmt":"2024-02-15T11:00:00","guid":{"rendered":"http:\/\/juzbado.es\/nuevaweb\/2024\/02\/15\/la-biblioteca-de-semillas-de-juzbado\/"},"modified":"2024-02-15T12:00:00","modified_gmt":"2024-02-15T11:00:00","slug":"la-biblioteca-de-semillas-de-juzbado","status":"publish","type":"post","link":"https:\/\/juzbado.es\/nuevaweb\/2024\/02\/15\/la-biblioteca-de-semillas-de-juzbado\/","title":{"rendered":"LA BIBLIOTECA DE SEMILLAS DE JUZBADO"},"content":{"rendered":"<p style=\"text-align: justify;\"><span style=\"font-size: medium;\"><span style=\"font-family: arial;\">La <b>biblioteca de semillas<\/b> de Juzbado abre sus puertas.&nbsp; Esta iniciativa tan particular consiste en crear una red de pr\u00e9stamo de semillas entre los usuarios del <a href=\"https:\/\/juzbado.blogspot.com\/p\/biblioteca.html\" target=\"_blank\">nuestra biblioteca<\/a>.&nbsp; Es decir, que adem\u00e1s de prestar libros, ofrezca semillas.<span>&nbsp; <\/span>Los usuarios podr\u00e1n pedir prestadas semillas para germinar<br \/>\ny cultivar.&nbsp; Meses m\u00e1s tarde, cuando cada de una de las plantas haya engendrado<br \/>\nlos frutos con semillas, los mismos usuarios podr\u00e1n devolver de nuevo las nuevas semillas a la biblioteca. <span>&nbsp;<\/span><\/span><\/span><\/p>\n<p style=\"text-align: justify;\"><span style=\"font-size: medium;\"><span style=\"font-family: arial;\"><span><\/span><\/span><\/span><\/p>\n<div style=\"clear: both; text-align: center;\"><span style=\"font-size: medium;\"><a href=\"https:\/\/blogger.googleusercontent.com\/img\/b\/R29vZ2xl\/AVvXsEhLLokUAeiTOHebBSn-j_vDTGSHSz1CLbLYkTDRmjc1yw4qdLSWBN_mVpKo9jvzfeSgZo2YM6qGIU1VvDCFwuA93iKVPsmRyscHoHPh7ZRoNYFJlVRvtV_cPEFWFnvqE4HEPFsLDM-aTHRSDdOvd-3DfVeZxdDmtmVnOw0kXLsvnilUv8lq30VfPEZbu_w\/s2480\/cartel%20convocatoria.jpg\" style=\"margin-left: 1em; margin-right: 1em;\"><img loading=\"lazy\" decoding=\"async\" alt=\"Juzbado, Biblioteca,Biblioteca municipal, biblioteca de semillas, Biodiversidad,premio Mar\u00eda Moliner, Quercus Huerta, Guardi\u00e1n de semillas\" border=\"0\" data-original-height=\"2480\" data-original-width=\"2480\" height=\"640\" src=\"https:\/\/blogger.googleusercontent.com\/img\/b\/R29vZ2xl\/AVvXsEhLLokUAeiTOHebBSn-j_vDTGSHSz1CLbLYkTDRmjc1yw4qdLSWBN_mVpKo9jvzfeSgZo2YM6qGIU1VvDCFwuA93iKVPsmRyscHoHPh7ZRoNYFJlVRvtV_cPEFWFnvqE4HEPFsLDM-aTHRSDdOvd-3DfVeZxdDmtmVnOw0kXLsvnilUv8lq30VfPEZbu_w\/w640-h640\/cartel%20convocatoria.jpg\" title=\"Juzbado, Biblioteca,Biblioteca municipal, biblioteca de semillas, Biodiversidad,premio Mar\u00eda Moliner, Quercus Huerta, Guardi\u00e1n de semillas\" width=\"640\" \/><\/a><\/span><\/div>\n<p><span style=\"font-size: medium;\"><br \/><\/span><\/p>\n<div style=\"text-align: justify;\"><span style=\"font-size: medium;\"><span style=\"font-family: arial;\">El concepto de <b>biblioteca de<br \/>\nsemillas <\/b>responde, por un lado, a la necesidad de mejorar la biodiversidad<br \/>\nbot\u00e1nica de nuestros entornos rurales, especialmente de los huertos y<br \/>\nescenarios horticultoras mediante el pr\u00e9stamo y cultivo de semillas y, por<br \/>\notro, a dotar de mayor significaci\u00f3n y perspectivas a nuestra biblioteca. Queremos que nuestra querida biblioteca siga siendo un <a href=\"https:\/\/juzbado.blogspot.com\/2023\/09\/la-biblioteca-municipal-de-juzbado.html\" target=\"_blank\">espacio vivo, de encuentro y de fertilidad cultural, pero tambi\u00e9n destinado al compromiso social y medioambiental.<\/a><\/span><\/span><\/div>\n<\/p>\n<p style=\"text-align: justify;\"><span style=\"font-family: arial; font-size: medium;\"><span>La recuperaci\u00f3n de<br \/>\nlas semillas es clave por cuanto compromete al usuario a ser \u201cguardi\u00e1n de las<br \/>\nsemillas\u201d. Vamos a comenzar prestando semillas de huerta y tambi\u00e9n de flores para que grandes y peque\u00f1os puedan implicarse en su siembra y cultivo. Con ello, la <a href=\"https:\/\/juzbado.blogspot.com\/p\/biblioteca.html\" target=\"_blank\">biblioteca de Juzbado<\/a> y sus usuarios estar\u00e1n sosteniendo una<br \/>\niniciativa en favor de la proliferaci\u00f3n de biodiversidad y la<br \/>\nsalvaguarda de variedades de semillas que, poco a poco, se han ido perdiendo.<\/span><\/span><\/p>\n<div style=\"text-align: justify;\"><span style=\"font-family: arial; font-size: medium;\">La presentaci\u00f3n de la Biblioteca de Semillas de Juzbado ser\u00e1 el d\u00eda 17 de febrero de 2024 a las 11:30 en la biblioteca municipal.&nbsp; Aprovecharemos la ocasi\u00f3n para <\/span><span style=\"font-family: arial; font-size: medium;\"><span dir=\"auto\">celebrar un taller pr\u00e1ctico de germinaci\u00f3n de semillas con la<br \/>\ncolaboraci\u00f3n de <a href=\"https:\/\/quercusecologico.com\/\" target=\"_blank\">Quercus Huerta.<\/a><\/span><\/span><\/div>\n","protected":false},"excerpt":{"rendered":"<p>La biblioteca de semillas de Juzbado abre sus puertas.&nbsp; Esta iniciativa tan particular consiste en crear una red de pr\u00e9stamo de semillas entre los usuarios del nuestra biblioteca.&nbsp; Es decir, que adem\u00e1s de prestar libros, ofrezca semillas.&nbsp; Los usuarios podr\u00e1n pedir prestadas semillas para germinar y cultivar.&nbsp; Meses m\u00e1s tarde, cuando cada de una de [&hellip;]<\/p>\n","protected":false},"author":2,"featured_media":0,"comment_status":"open","ping_status":"open","sticky":false,"template":"","format":"standard","meta":{"saved_in_kubio":false,"footnotes":""},"categories":[24,263,231,265,266,267,264],"tags":[],"class_list":["post-78","post","type-post","status-publish","format-standard","hentry","category-biblioteca","category-biblioteca-de-semillas","category-biblioteca-municipal","category-biodiversidad","category-guardian-de-semillas","category-premio-maria-moliner","category-quercus-huerta"],"_links":{"self":[{"href":"https:\/\/juzbado.es\/nuevaweb\/wp-json\/wp\/v2\/posts\/78","targetHints":{"allow":["GET"]}}],"collection":[{"href":"https:\/\/juzbado.es\/nuevaweb\/wp-json\/wp\/v2\/posts"}],"about":[{"href":"https:\/\/juzbado.es\/nuevaweb\/wp-json\/wp\/v2\/types\/post"}],"author":[{"embeddable":true,"href":"https:\/\/juzbado.es\/nuevaweb\/wp-json\/wp\/v2\/users\/2"}],"replies":[{"embeddable":true,"href":"https:\/\/juzbado.es\/nuevaweb\/wp-json\/wp\/v2\/comments?post=78"}],"version-history":[{"count":0,"href":"https:\/\/juzbado.es\/nuevaweb\/wp-json\/wp\/v2\/posts\/78\/revisions"}],"wp:attachment":[{"href":"https:\/\/juzbado.es\/nuevaweb\/wp-json\/wp\/v2\/media?parent=78"}],"wp:term":[{"taxonomy":"category","embeddable":true,"href":"https:\/\/juzbado.es\/nuevaweb\/wp-json\/wp\/v2\/categories?post=78"},{"taxonomy":"post_tag","embeddable":true,"href":"https:\/\/juzbado.es\/nuevaweb\/wp-json\/wp\/v2\/tags?post=78"}],"curies":[{"name":"wp","href":"https:\/\/api.w.org\/{rel}","templated":true}]}}