{"id":84,"date":"2024-01-09T16:11:00","date_gmt":"2024-01-09T15:11:00","guid":{"rendered":"http:\/\/juzbado.es\/nuevaweb\/2024\/01\/09\/nueva-estacion-meteorologica-en-juzbado\/"},"modified":"2024-01-09T16:11:00","modified_gmt":"2024-01-09T15:11:00","slug":"nueva-estacion-meteorologica-en-juzbado","status":"publish","type":"post","link":"https:\/\/juzbado.es\/nuevaweb\/2024\/01\/09\/nueva-estacion-meteorologica-en-juzbado\/","title":{"rendered":"NUEVA ESTACI\u00d3N METEOROL\u00d3GICA EN JUZBADO"},"content":{"rendered":"<p style=\"text-align: justify;\"><span style=\"font-size: medium;\"><span style=\"font-family: arial;\">Durante todo el a\u00f1o 2023 hemos<br \/>\nido recogiendo datos pluviom\u00e9tricos en nuestro municipio.<span>&nbsp; <\/span>Son varios los vecinos que tambi\u00e9n lo hacen.<span>&nbsp; <\/span>Nos acordamos ahora de Rufino que, aunque ya<br \/>\nno reside en Juzbado porque vive con Esther en una residencia en Ledesma, tiene<br \/>\nuna libreta d\u00f3nde apunta todas las precipitaciones de Juzbado desde hace<br \/>\na\u00f1os.<span>&nbsp; <\/span>Los pluvi\u00f3metros repartidos por<br \/>\nJuzbado son numerosos. El de Ignacito est\u00e1 colocado en las antiguas eras, Nati y Juan reportan las copiosas lluvias con una foto pero tambi\u00e9n, los<br \/>\nm\u00e1s peque\u00f1os, tienen uno colocado en el vivero forestal infantil de los jardines del centro Codel. <\/span><\/span><\/p>\n<p style=\"text-align: justify;\"><span style=\"font-size: medium;\"><span style=\"font-family: arial;\">Sin duda es una informaci\u00f3n muy<br \/>\nrelevante porque nos ofrece una buena perspectiva a lo largo del tiempo en<br \/>\ntorno a los cambios y modificaciones del clima.<span>&nbsp;<br \/>\n<\/span>Hoy sabemos que durante el a\u00f1o 2023 cayeron en Juzbado 390 litros de<br \/>\nagua, o que, los meses m\u00e1s lluviosos fueron mayo y octubre.&nbsp; \u00bfSab\u00e9is que d\u00eda llovi\u00f3 m\u00e1s en Juzbado durante 2023?, el 1 de diciembre, con nada m\u00e1s y nada menos que 40 litros.<span> <br \/><\/span><\/span><\/span><\/p>\n<p style=\"text-align: justify;\"><span style=\"font-size: medium;\"><span style=\"font-family: arial;\">En este sentido, el ayuntamiento<br \/>\nde Juzbado cuenta con una estaci\u00f3n meteorol\u00f3gica que se ha instalado el d\u00eda 28<br \/>\nde diciembre de 2023 y ya reporta datos meteorol\u00f3gicos desde entonces.&nbsp; <span><\/span>La hemos colocado<br \/>\nen el jard\u00edn del Codel y de aqu\u00ed a un a\u00f1o, nos permitir\u00e1 conocer las<br \/>\ntemperaturas medias de Juzbado o, sin ir m\u00e1s lejos, si ha llovido m\u00e1s o no que<br \/>\nen 2023.<span> La direcci\u00f3n predominante de los vientos o la presi\u00f3n barom\u00e9trica ser\u00e1n datos que nos ofrezca esta nueva acci\u00f3n municipal. <\/span>Os mantendremos informados.<\/span><\/span><\/p>\n<p style=\"text-align: justify;\"><span style=\"font-size: small;\"><span style=\"font-family: arial;\">&nbsp;<\/span><\/span><\/p>\n<div style=\"clear: both; text-align: center;\"><span style=\"font-size: small;\"><a href=\"https:\/\/blogger.googleusercontent.com\/img\/b\/R29vZ2xl\/AVvXsEg7Bj7ihDHk4lpiWU3rR-MtZLzh2omF6GXa6yrKZm9SNBAqs01tWbVqe35L-y1icWi0r53Bya3E7hw5HkhxdNQuFJFXfGeauyqNzVPWtvu_KCUSG6bwEAu10_OnyP_dh9oHhIF3YbOzqFPGD04tljlagiDUu9pvsZrwlcgUMOMC9fedeFYnTHOd2zCHV4s\/s5158\/Imagen3.png\" style=\"margin-left: 1em; margin-right: 1em;\"><img loading=\"lazy\" decoding=\"async\" border=\"0\" data-original-height=\"1484\" data-original-width=\"5158\" height=\"184\" src=\"https:\/\/blogger.googleusercontent.com\/img\/b\/R29vZ2xl\/AVvXsEg7Bj7ihDHk4lpiWU3rR-MtZLzh2omF6GXa6yrKZm9SNBAqs01tWbVqe35L-y1icWi0r53Bya3E7hw5HkhxdNQuFJFXfGeauyqNzVPWtvu_KCUSG6bwEAu10_OnyP_dh9oHhIF3YbOzqFPGD04tljlagiDUu9pvsZrwlcgUMOMC9fedeFYnTHOd2zCHV4s\/w640-h184\/Imagen3.png\" width=\"640\" \/><\/a><\/span><\/div>\n<p><span style=\"font-size: small;\"><\/p>\n<table align=\"center\" cellpadding=\"0\" cellspacing=\"0\" style=\"margin-left: auto; margin-right: auto;\">\n<tbody>\n<tr>\n<td style=\"text-align: center;\"><a href=\"https:\/\/blogger.googleusercontent.com\/img\/b\/R29vZ2xl\/AVvXsEhheIzwt4TaNFEIUwQ1uhk64wfZYQ6KeAISeOT9yMkf1pY_BX6WXEdNSQP_iH6J_Q4GTLddR0v6C2Mp8LPf3SLFryTCEvYBr6kRBToIuKKkEzaCSAh9EwA2qC3UE2hk_biwRdfjMAazSlMY2Q_KIZ63hYB_sn7etH3Wd56c_TESOYKAKTj3rPQFmfMz_90\/s2233\/Imagen1.png\" style=\"margin-left: auto; margin-right: auto;\"><img loading=\"lazy\" decoding=\"async\" alt=\"Juzbado, estaci\u00f3n meteorol\u00f3gica, Rufino  y Esther, Ignacito, 2024, Estaci\u00f3n meteorol\u00f3gica, C\u00f3del,\" border=\"0\" data-original-height=\"1898\" data-original-width=\"2233\" height=\"544\" src=\"https:\/\/blogger.googleusercontent.com\/img\/b\/R29vZ2xl\/AVvXsEhheIzwt4TaNFEIUwQ1uhk64wfZYQ6KeAISeOT9yMkf1pY_BX6WXEdNSQP_iH6J_Q4GTLddR0v6C2Mp8LPf3SLFryTCEvYBr6kRBToIuKKkEzaCSAh9EwA2qC3UE2hk_biwRdfjMAazSlMY2Q_KIZ63hYB_sn7etH3Wd56c_TESOYKAKTj3rPQFmfMz_90\/w640-h544\/Imagen1.png\" title=\"Juzbado, estaci\u00f3n meteorol\u00f3gica, Rufino  y Esther, Ignacito, 2024, Estaci\u00f3n meteorol\u00f3gica, C\u00f3del,\" width=\"640\" \/><\/a><\/td>\n<\/tr>\n<tr>\n<td style=\"text-align: center;\"><\/td>\n<\/tr>\n<\/tbody>\n<\/table>\n<p><\/span><\/p>\n","protected":false},"excerpt":{"rendered":"<p>Durante todo el a\u00f1o 2023 hemos ido recogiendo datos pluviom\u00e9tricos en nuestro municipio.&nbsp; Son varios los vecinos que tambi\u00e9n lo hacen.&nbsp; Nos acordamos ahora de Rufino que, aunque ya no reside en Juzbado porque vive con Esther en una residencia en Ledesma, tiene una libreta d\u00f3nde apunta todas las precipitaciones de Juzbado desde hace a\u00f1os.&nbsp; [&hellip;]<\/p>\n","protected":false},"author":2,"featured_media":0,"comment_status":"open","ping_status":"open","sticky":false,"template":"","format":"standard","meta":{"saved_in_kubio":false,"footnotes":""},"categories":[43,284,282,283,73],"tags":[],"class_list":["post-84","post","type-post","status-publish","format-standard","hentry","category-43","category-codel","category-estacion-meteorologica","category-ignacito","category-rufino-y-esther"],"_links":{"self":[{"href":"https:\/\/juzbado.es\/nuevaweb\/wp-json\/wp\/v2\/posts\/84","targetHints":{"allow":["GET"]}}],"collection":[{"href":"https:\/\/juzbado.es\/nuevaweb\/wp-json\/wp\/v2\/posts"}],"about":[{"href":"https:\/\/juzbado.es\/nuevaweb\/wp-json\/wp\/v2\/types\/post"}],"author":[{"embeddable":true,"href":"https:\/\/juzbado.es\/nuevaweb\/wp-json\/wp\/v2\/users\/2"}],"replies":[{"embeddable":true,"href":"https:\/\/juzbado.es\/nuevaweb\/wp-json\/wp\/v2\/comments?post=84"}],"version-history":[{"count":0,"href":"https:\/\/juzbado.es\/nuevaweb\/wp-json\/wp\/v2\/posts\/84\/revisions"}],"wp:attachment":[{"href":"https:\/\/juzbado.es\/nuevaweb\/wp-json\/wp\/v2\/media?parent=84"}],"wp:term":[{"taxonomy":"category","embeddable":true,"href":"https:\/\/juzbado.es\/nuevaweb\/wp-json\/wp\/v2\/categories?post=84"},{"taxonomy":"post_tag","embeddable":true,"href":"https:\/\/juzbado.es\/nuevaweb\/wp-json\/wp\/v2\/tags?post=84"}],"curies":[{"name":"wp","href":"https:\/\/api.w.org\/{rel}","templated":true}]}}