{"id":88,"date":"2023-12-05T11:15:00","date_gmt":"2023-12-05T10:15:00","guid":{"rendered":"http:\/\/juzbado.es\/nuevaweb\/2023\/12\/05\/raul-vacas-vuelve-a-juzbado\/"},"modified":"2023-12-05T11:15:00","modified_gmt":"2023-12-05T10:15:00","slug":"raul-vacas-vuelve-a-juzbado","status":"publish","type":"post","link":"https:\/\/juzbado.es\/nuevaweb\/2023\/12\/05\/raul-vacas-vuelve-a-juzbado\/","title":{"rendered":"RA\u00daL VACAS VUELVE A JUZBADO"},"content":{"rendered":"<p style=\"text-align: justify;\"><span style=\"font-family: arial;\"><span style=\"font-size: medium;\">El s\u00e1bado 9 de diciembre, en la postrimer\u00eda del puente diciembre os invitamos pasar la tarde con el escritor, poeta y amigo de Juzbado, Ra\u00fal Vacas.&nbsp; Ser\u00e1 a partir de las 17:30 h. en el sal\u00f3n de actos y consistir\u00e1 en un taller-charla en torno a las letras dirigido, en esta ocasi\u00f3n, preferentemente a adultos. Os esperamos.<\/span><\/span><\/p>\n<p style=\"text-align: justify;\"><span style=\"font-family: arial;\"><span style=\"font-size: medium;\"><\/span><\/span><\/p>\n<div style=\"clear: both; text-align: center;\"><span style=\"font-size: medium;\"><a href=\"https:\/\/blogger.googleusercontent.com\/img\/b\/R29vZ2xl\/AVvXsEgzO1jMOAc9QQknwPVRqcXvTNy7xYL0XS5szEFlNBHRBTSwWgadIWCcxoEulCstTqEHpvZud3WYr1owhpICcC2CzPJf4DrV3Sqo_u9sM1MOOYAk0IXq5DcJASxjJvxiVrT0ZS3yIGVxkCyjvs1tGhUAyCYkxirgpXIaDafyu5E5-S2EfDMc_SINPEyecXM\/s2480\/cartel%20ra%C3%BAl%20vacas%20oto%C3%B1o%202023_2.jpg\" style=\"margin-left: 1em; margin-right: 1em;\"><img loading=\"lazy\" decoding=\"async\" alt=\"Juzbado, Ra\u00fal Vacas, Libro Abierto\" border=\"0\" data-original-height=\"2480\" data-original-width=\"2480\" height=\"640\" src=\"https:\/\/blogger.googleusercontent.com\/img\/b\/R29vZ2xl\/AVvXsEgzO1jMOAc9QQknwPVRqcXvTNy7xYL0XS5szEFlNBHRBTSwWgadIWCcxoEulCstTqEHpvZud3WYr1owhpICcC2CzPJf4DrV3Sqo_u9sM1MOOYAk0IXq5DcJASxjJvxiVrT0ZS3yIGVxkCyjvs1tGhUAyCYkxirgpXIaDafyu5E5-S2EfDMc_SINPEyecXM\/w640-h640\/cartel%20ra%C3%BAl%20vacas%20oto%C3%B1o%202023_2.jpg\" title=\"Juzbado, Ra\u00fal Vacas, Libro Abierto\" width=\"640\" \/><\/a><\/span><\/div>\n<p><\/p>\n","protected":false},"excerpt":{"rendered":"<p>El s\u00e1bado 9 de diciembre, en la postrimer\u00eda del puente diciembre os invitamos pasar la tarde con el escritor, poeta y amigo de Juzbado, Ra\u00fal Vacas.&nbsp; Ser\u00e1 a partir de las 17:30 h. en el sal\u00f3n de actos y consistir\u00e1 en un taller-charla en torno a las letras dirigido, en esta ocasi\u00f3n, preferentemente a adultos. [&hellip;]<\/p>\n","protected":false},"author":2,"featured_media":0,"comment_status":"open","ping_status":"open","sticky":false,"template":"","format":"standard","meta":{"saved_in_kubio":false,"footnotes":""},"categories":[24,34,291,292,293],"tags":[],"class_list":["post-88","post","type-post","status-publish","format-standard","hentry","category-biblioteca","category-diciembre","category-diciembre-2023","category-libro-abierto","category-raul-vacas"],"_links":{"self":[{"href":"https:\/\/juzbado.es\/nuevaweb\/wp-json\/wp\/v2\/posts\/88","targetHints":{"allow":["GET"]}}],"collection":[{"href":"https:\/\/juzbado.es\/nuevaweb\/wp-json\/wp\/v2\/posts"}],"about":[{"href":"https:\/\/juzbado.es\/nuevaweb\/wp-json\/wp\/v2\/types\/post"}],"author":[{"embeddable":true,"href":"https:\/\/juzbado.es\/nuevaweb\/wp-json\/wp\/v2\/users\/2"}],"replies":[{"embeddable":true,"href":"https:\/\/juzbado.es\/nuevaweb\/wp-json\/wp\/v2\/comments?post=88"}],"version-history":[{"count":0,"href":"https:\/\/juzbado.es\/nuevaweb\/wp-json\/wp\/v2\/posts\/88\/revisions"}],"wp:attachment":[{"href":"https:\/\/juzbado.es\/nuevaweb\/wp-json\/wp\/v2\/media?parent=88"}],"wp:term":[{"taxonomy":"category","embeddable":true,"href":"https:\/\/juzbado.es\/nuevaweb\/wp-json\/wp\/v2\/categories?post=88"},{"taxonomy":"post_tag","embeddable":true,"href":"https:\/\/juzbado.es\/nuevaweb\/wp-json\/wp\/v2\/tags?post=88"}],"curies":[{"name":"wp","href":"https:\/\/api.w.org\/{rel}","templated":true}]}}