{"id":91,"date":"2023-11-20T16:28:00","date_gmt":"2023-11-20T15:28:00","guid":{"rendered":"http:\/\/juzbado.es\/nuevaweb\/2023\/11\/20\/chapas-por-la-igualdad\/"},"modified":"2023-11-20T16:28:00","modified_gmt":"2023-11-20T15:28:00","slug":"chapas-por-la-igualdad","status":"publish","type":"post","link":"https:\/\/juzbado.es\/nuevaweb\/2023\/11\/20\/chapas-por-la-igualdad\/","title":{"rendered":"CHAPAS POR LA IGUALDAD"},"content":{"rendered":"<p style=\"text-align: justify;\"><span style=\"font-family: arial;\"><span style=\"font-size: medium;\">El pr\u00f3ximo domingo 26 de abril, con motivo de la celebraci\u00f3n del <a href=\"https:\/\/www.un.org\/es\/observances\/ending-violence-against-women-day\" target=\"_blank\">D\u00eda internacional de la eliminaci\u00f3n de la violencia contra las mujeres<\/a>, os proponemos una<span style=\"white-space: pre-wrap;\"> actividad infantil y gratuita en el sal\u00f3n de actos a partir de las 17:00 h. Se trata de un taller de chapas dirigido a los m\u00e1s peque\u00f1os en el que podremos hacer chapas con mensajes y motivos relacionados.  El taller est\u00e1 financiado por la <a href=\"http:\/\/www.lasalina.es\/\" target=\"_blank\">Diputaci\u00f3n de Salamanca<\/a> a trav\u00e9s del <a href=\"http:\/\/www.lasalina.es\/Aplicaciones\/GestorInter.jsp?prestacion=Cipublico&amp;funcion=MuestraInformacionCeas0&amp;codCeas=6\" target=\"_blank\">CEAS de Ledesma<\/a>.<\/span><\/span><\/span><\/p>\n<p style=\"text-align: justify;\"><span style=\"font-family: arial;\"><span style=\"font-size: medium;\"><span style=\"white-space: pre-wrap;\"><\/span><\/span><\/span><\/p>\n<div style=\"clear: both; text-align: center;\"><span style=\"font-family: arial;\"><span style=\"font-size: medium;\"><span style=\"white-space: pre-wrap;\"><a href=\"https:\/\/blogger.googleusercontent.com\/img\/b\/R29vZ2xl\/AVvXsEjVAmuAzseQAyhbY2JSfwbuynB65WRdEpUDWPeXTYXI_6dZcy6hjzfM8aDRhyphenhyphenGMYkXGcA6DOLj4KZUE3zMXiGBriQ9I4nVfFAQx1LO2g9OuRlNMB2SI7dUxe8mI9c_JpIg5VkeToFRUO4ML4mnlLiSMPaNj0P8wN-RnNM8XqyHYN-wneIxwA9fruuD1Gt4\/s2480\/CARTEL%20CHAPAS%2026n.jpg\" style=\"margin-left: 1em; margin-right: 1em;\"><img loading=\"lazy\" decoding=\"async\" border=\"0\" data-original-height=\"2480\" data-original-width=\"2480\" height=\"640\" src=\"https:\/\/blogger.googleusercontent.com\/img\/b\/R29vZ2xl\/AVvXsEjVAmuAzseQAyhbY2JSfwbuynB65WRdEpUDWPeXTYXI_6dZcy6hjzfM8aDRhyphenhyphenGMYkXGcA6DOLj4KZUE3zMXiGBriQ9I4nVfFAQx1LO2g9OuRlNMB2SI7dUxe8mI9c_JpIg5VkeToFRUO4ML4mnlLiSMPaNj0P8wN-RnNM8XqyHYN-wneIxwA9fruuD1Gt4\/w640-h640\/CARTEL%20CHAPAS%2026n.jpg\" width=\"640\" \/><\/a><\/span><\/span><\/span><\/div><\/p>\n","protected":false},"excerpt":{"rendered":"<p>El pr\u00f3ximo domingo 26 de abril, con motivo de la celebraci\u00f3n del D\u00eda internacional de la eliminaci\u00f3n de la violencia contra las mujeres, os proponemos una actividad infantil y gratuita en el sal\u00f3n de actos a partir de las 17:00 h. Se trata de un taller de chapas dirigido a los m\u00e1s peque\u00f1os en el [&hellip;]<\/p>\n","protected":false},"author":2,"featured_media":0,"comment_status":"open","ping_status":"open","sticky":false,"template":"","format":"standard","meta":{"saved_in_kubio":false,"footnotes":""},"categories":[83,68,55,82,300,299],"tags":[],"class_list":["post-91","post","type-post","status-publish","format-standard","hentry","category-ceas","category-dia-internacional-contra-la-violencia-de-genero","category-diputacion-de-salamanca","category-noviembre","category-noviembre-2023","category-otono-2023"],"_links":{"self":[{"href":"https:\/\/juzbado.es\/nuevaweb\/wp-json\/wp\/v2\/posts\/91","targetHints":{"allow":["GET"]}}],"collection":[{"href":"https:\/\/juzbado.es\/nuevaweb\/wp-json\/wp\/v2\/posts"}],"about":[{"href":"https:\/\/juzbado.es\/nuevaweb\/wp-json\/wp\/v2\/types\/post"}],"author":[{"embeddable":true,"href":"https:\/\/juzbado.es\/nuevaweb\/wp-json\/wp\/v2\/users\/2"}],"replies":[{"embeddable":true,"href":"https:\/\/juzbado.es\/nuevaweb\/wp-json\/wp\/v2\/comments?post=91"}],"version-history":[{"count":0,"href":"https:\/\/juzbado.es\/nuevaweb\/wp-json\/wp\/v2\/posts\/91\/revisions"}],"wp:attachment":[{"href":"https:\/\/juzbado.es\/nuevaweb\/wp-json\/wp\/v2\/media?parent=91"}],"wp:term":[{"taxonomy":"category","embeddable":true,"href":"https:\/\/juzbado.es\/nuevaweb\/wp-json\/wp\/v2\/categories?post=91"},{"taxonomy":"post_tag","embeddable":true,"href":"https:\/\/juzbado.es\/nuevaweb\/wp-json\/wp\/v2\/tags?post=91"}],"curies":[{"name":"wp","href":"https:\/\/api.w.org\/{rel}","templated":true}]}}