{"id":92,"date":"2023-11-20T16:20:00","date_gmt":"2023-11-20T15:20:00","guid":{"rendered":"http:\/\/juzbado.es\/nuevaweb\/2023\/11\/20\/actos-en-el-dia-internacional-de-la-eliminacion-de-la-violencia-contra-las-mujeres\/"},"modified":"2023-11-20T16:20:00","modified_gmt":"2023-11-20T15:20:00","slug":"actos-en-el-dia-internacional-de-la-eliminacion-de-la-violencia-contra-las-mujeres","status":"publish","type":"post","link":"https:\/\/juzbado.es\/nuevaweb\/2023\/11\/20\/actos-en-el-dia-internacional-de-la-eliminacion-de-la-violencia-contra-las-mujeres\/","title":{"rendered":"ACTOS EN EL D\u00cdA INTERNACIONAL DE LA ELIMINACI\u00d3N DE LA VIOLENCIA CONTRA LAS MUJERES"},"content":{"rendered":"<p style=\"text-align: justify;\"><span style=\"font-family: arial;\"><span style=\"font-size: medium;\">La Asociaci\u00f3n de Mujeres de Juzbado nos invita a participar en un acto previsto para el s\u00e1bado 25 de noviembre, <a href=\"https:\/\/www.un.org\/es\/observances\/ending-violence-against-women-day\" target=\"_blank\">d\u00eda internacional de la eliminaci\u00f3n de la violencia contra las mujeres<\/a>.&nbsp; La propuesta que nos hacen llegar \u00abNO LO OLVIDES\u00bb consiste en una charla-debate titulada \u00abSalud mental en el entorno rural\u00bb&nbsp; a cargo de <a href=\"https:\/\/ceres-castillayleon.org\/manuela-ramos-tecnica-de-igualdad-en-la-mayoria-de-los-pueblos-hay-una-asociacion-de-mujeres-y-eso-es-un-valor-a-tener-en-cuenta\/\" target=\"_blank\">Manuela Ramos<\/a> (T\u00e9cnica de igualdad en CERES). A continuaci\u00f3n se leer\u00e1 el manifiesto conmemorativo del 25 de noviembre y se terminar\u00e1 el acto con la interpretaci\u00f3n de piezas musicales a cargo de Paloma Torrellas (titulada superior de guitarra y musicolog\u00eda).&nbsp; Desde la asociaci\u00f3n de mujeres tambi\u00e9n nos comunican que habr\u00e1 una merienda para todos los asistentes. Ser\u00e1&nbsp; a partir de las 17:00 h. en el sal\u00f3n de actos.&nbsp;&nbsp; <\/span><\/span><\/p>\n<div style=\"clear: both; text-align: center;\"><a href=\"https:\/\/blogger.googleusercontent.com\/img\/b\/R29vZ2xl\/AVvXsEiI2Gi_7aS7wrq8eYSkKPtdhaI6mE7jGDkR1YeXl5o_vs7ayQZ4wVmKFwv3Gxi8xexcLpHxZuioobXbBeAUhhs694K5UJMbFloAFBwhmyr7bXbMR5W-z6p4B8A7DHaWoSgYyULlNufiWeWGK1SFaS_DYq-NUHOWS4PqmszAtsK64eG2Rn6s2QRkiNeMc5M\/s1600\/WhatsApp%20Image%202023-11-15%20at%2013.55.34(2).jpeg\" style=\"margin-left: 1em; margin-right: 1em;\"><img loading=\"lazy\" decoding=\"async\" alt=\"Juzbado, 25N, asociaci\u00f3n de mujeres\" border=\"0\" data-original-height=\"1600\" data-original-width=\"1131\" height=\"640\" src=\"https:\/\/blogger.googleusercontent.com\/img\/b\/R29vZ2xl\/AVvXsEiI2Gi_7aS7wrq8eYSkKPtdhaI6mE7jGDkR1YeXl5o_vs7ayQZ4wVmKFwv3Gxi8xexcLpHxZuioobXbBeAUhhs694K5UJMbFloAFBwhmyr7bXbMR5W-z6p4B8A7DHaWoSgYyULlNufiWeWGK1SFaS_DYq-NUHOWS4PqmszAtsK64eG2Rn6s2QRkiNeMc5M\/w452-h640\/WhatsApp%20Image%202023-11-15%20at%2013.55.34(2).jpeg\" title=\"Juzbado, 25N, asociaci\u00f3n de mujeres\" width=\"452\" \/><\/a><\/div>\n<p><\/p>\n","protected":false},"excerpt":{"rendered":"<p>La Asociaci\u00f3n de Mujeres de Juzbado nos invita a participar en un acto previsto para el s\u00e1bado 25 de noviembre, d\u00eda internacional de la eliminaci\u00f3n de la violencia contra las mujeres.&nbsp; La propuesta que nos hacen llegar \u00abNO LO OLVIDES\u00bb consiste en una charla-debate titulada \u00abSalud mental en el entorno rural\u00bb&nbsp; a cargo de Manuela [&hellip;]<\/p>\n","protected":false},"author":2,"featured_media":0,"comment_status":"open","ping_status":"open","sticky":false,"template":"","format":"standard","meta":{"saved_in_kubio":false,"footnotes":""},"categories":[63,42,301,82,300,302],"tags":[],"class_list":["post-92","post","type-post","status-publish","format-standard","hentry","category-25n","category-asociacion-de-mujeres","category-manuela-ramos","category-noviembre","category-noviembre-2023","category-paloma-torrellas"],"_links":{"self":[{"href":"https:\/\/juzbado.es\/nuevaweb\/wp-json\/wp\/v2\/posts\/92","targetHints":{"allow":["GET"]}}],"collection":[{"href":"https:\/\/juzbado.es\/nuevaweb\/wp-json\/wp\/v2\/posts"}],"about":[{"href":"https:\/\/juzbado.es\/nuevaweb\/wp-json\/wp\/v2\/types\/post"}],"author":[{"embeddable":true,"href":"https:\/\/juzbado.es\/nuevaweb\/wp-json\/wp\/v2\/users\/2"}],"replies":[{"embeddable":true,"href":"https:\/\/juzbado.es\/nuevaweb\/wp-json\/wp\/v2\/comments?post=92"}],"version-history":[{"count":0,"href":"https:\/\/juzbado.es\/nuevaweb\/wp-json\/wp\/v2\/posts\/92\/revisions"}],"wp:attachment":[{"href":"https:\/\/juzbado.es\/nuevaweb\/wp-json\/wp\/v2\/media?parent=92"}],"wp:term":[{"taxonomy":"category","embeddable":true,"href":"https:\/\/juzbado.es\/nuevaweb\/wp-json\/wp\/v2\/categories?post=92"},{"taxonomy":"post_tag","embeddable":true,"href":"https:\/\/juzbado.es\/nuevaweb\/wp-json\/wp\/v2\/tags?post=92"}],"curies":[{"name":"wp","href":"https:\/\/api.w.org\/{rel}","templated":true}]}}