{"id":94,"date":"2023-11-04T12:59:00","date_gmt":"2023-11-04T11:59:00","guid":{"rendered":"http:\/\/juzbado.es\/nuevaweb\/2023\/11\/04\/castanada-el-12-de-noviembre\/"},"modified":"2023-11-04T12:59:00","modified_gmt":"2023-11-04T11:59:00","slug":"castanada-el-12-de-noviembre","status":"publish","type":"post","link":"https:\/\/juzbado.es\/nuevaweb\/2023\/11\/04\/castanada-el-12-de-noviembre\/","title":{"rendered":"CASTA\u00d1ADA EL 12 DE NOVIEMBRE"},"content":{"rendered":"<p style=\"text-align: justify;\"><span style=\"font-family: arial;\"><span style=\"font-size: medium;\">El domingo 12 de noviembre os proponemos la tradicional casta\u00f1ada del oto\u00f1o en Juzbado.&nbsp; Ser\u00e1 un d\u00eda para disfrutar de las ricas casta\u00f1as de nuestra provincia en compa\u00f1\u00eda de vecinos y amigos.&nbsp; Adem\u00e1s est\u00e1 previsto que se celebre una sesi\u00f3n musical de sones irlandeses as\u00ed como de un rico y reconfortante chocolate.&nbsp; A la velada tambi\u00e9n se une la creatividad y con la ayuda de F\u00e9lix y Sol construiremos un nuevo mandala con elementos naturales. Est\u00e1is todos invitados.<\/span><\/span> <\/p>\n<\/p>\n<div style=\"clear: both; text-align: center;\"><\/div>\n<div style=\"clear: both; text-align: center;\"><a href=\"https:\/\/blogger.googleusercontent.com\/img\/b\/R29vZ2xl\/AVvXsEh6Sz-SCU8z4TiaJe5VZvs0SSaePYPkNkbJg1CLNOcyXqso38BAgDy9tRlkrqViCWTWomMfLw46f39uMbV_QfDVaJWHifGAIDmuHjPCMy0FhViAWp7-sBceg7JRr7PU9UkUqopZnU8fTF0Ef_om-NZPI1b6qmZF9rg3Uf6Q-rroC9mqp4uN7-6zm0F0OaY\/s2480\/casta%C3%B1ada%202023%20instagram.jpg\" style=\"margin-left: 1em; margin-right: 1em;\"><img loading=\"lazy\" decoding=\"async\" alt=\"Juzbado, casta\u00f1ada, magosto,Wayra, mandala, jam sesion, m\u00fasica irlandesa\" border=\"0\" data-original-height=\"2480\" data-original-width=\"2480\" height=\"640\" src=\"https:\/\/blogger.googleusercontent.com\/img\/b\/R29vZ2xl\/AVvXsEh6Sz-SCU8z4TiaJe5VZvs0SSaePYPkNkbJg1CLNOcyXqso38BAgDy9tRlkrqViCWTWomMfLw46f39uMbV_QfDVaJWHifGAIDmuHjPCMy0FhViAWp7-sBceg7JRr7PU9UkUqopZnU8fTF0Ef_om-NZPI1b6qmZF9rg3Uf6Q-rroC9mqp4uN7-6zm0F0OaY\/w640-h640\/casta%C3%B1ada%202023%20instagram.jpg\" title=\"Juzbado, casta\u00f1ada, magosto,Wayra, mandala, jam sesion, m\u00fasica irlandesa\" width=\"640\" \/><\/a><\/div>\n<p><\/p>\n","protected":false},"excerpt":{"rendered":"<p>El domingo 12 de noviembre os proponemos la tradicional casta\u00f1ada del oto\u00f1o en Juzbado.&nbsp; Ser\u00e1 un d\u00eda para disfrutar de las ricas casta\u00f1as de nuestra provincia en compa\u00f1\u00eda de vecinos y amigos.&nbsp; Adem\u00e1s est\u00e1 previsto que se celebre una sesi\u00f3n musical de sones irlandeses as\u00ed como de un rico y reconfortante chocolate.&nbsp; A la velada [&hellip;]<\/p>\n","protected":false},"author":2,"featured_media":0,"comment_status":"open","ping_status":"open","sticky":false,"template":"","format":"standard","meta":{"saved_in_kubio":false,"footnotes":""},"categories":[90,306,307,88,308,89],"tags":[],"class_list":["post-94","post","type-post","status-publish","format-standard","hentry","category-castanada","category-jam-sesion","category-magosto","category-mandala","category-musica-irlandesa","category-wayra"],"_links":{"self":[{"href":"https:\/\/juzbado.es\/nuevaweb\/wp-json\/wp\/v2\/posts\/94","targetHints":{"allow":["GET"]}}],"collection":[{"href":"https:\/\/juzbado.es\/nuevaweb\/wp-json\/wp\/v2\/posts"}],"about":[{"href":"https:\/\/juzbado.es\/nuevaweb\/wp-json\/wp\/v2\/types\/post"}],"author":[{"embeddable":true,"href":"https:\/\/juzbado.es\/nuevaweb\/wp-json\/wp\/v2\/users\/2"}],"replies":[{"embeddable":true,"href":"https:\/\/juzbado.es\/nuevaweb\/wp-json\/wp\/v2\/comments?post=94"}],"version-history":[{"count":0,"href":"https:\/\/juzbado.es\/nuevaweb\/wp-json\/wp\/v2\/posts\/94\/revisions"}],"wp:attachment":[{"href":"https:\/\/juzbado.es\/nuevaweb\/wp-json\/wp\/v2\/media?parent=94"}],"wp:term":[{"taxonomy":"category","embeddable":true,"href":"https:\/\/juzbado.es\/nuevaweb\/wp-json\/wp\/v2\/categories?post=94"},{"taxonomy":"post_tag","embeddable":true,"href":"https:\/\/juzbado.es\/nuevaweb\/wp-json\/wp\/v2\/tags?post=94"}],"curies":[{"name":"wp","href":"https:\/\/api.w.org\/{rel}","templated":true}]}}