{"id":98,"date":"2023-10-24T16:59:00","date_gmt":"2023-10-24T14:59:00","guid":{"rendered":"http:\/\/juzbado.es\/nuevaweb\/2023\/10\/24\/nuestros-mayores-visitan-portugal\/"},"modified":"2023-10-24T16:59:00","modified_gmt":"2023-10-24T14:59:00","slug":"nuestros-mayores-visitan-portugal","status":"publish","type":"post","link":"https:\/\/juzbado.es\/nuevaweb\/2023\/10\/24\/nuestros-mayores-visitan-portugal\/","title":{"rendered":"NUESTROS MAYORES VISITAN PORTUGAL"},"content":{"rendered":"<p style=\"text-align: justify;\"><span style=\"font-family: arial; font-size: medium;\">La activa asociaci\u00f3n de mayores de Juzbado nos regala estas instant\u00e1neas del \u00faltimo de los viajes. En esta ocasi\u00f3n, casi medio centenar de vecinos de Juzbado se han atrevido a atravesar el norte de Portugal visitando las ciudades de Coimbra y Nazar\u00e9, el monasterio de Batalha o el santuario de F\u00e1tima. La tourn\u00e9e<\/span><span style=\"font-family: arial; font-size: medium;\"> por el pa\u00eds vecino ha sido una de las \u00faltimas propuestas que la asociaci\u00f3n, con Faustino Iglesias como presidente, propone a sus socios y que demuestra las ganas de promover experiencias y entretenimiento a sus socios y socias. Miguel A. Miguel ha sido el reportero gr\u00e1fico de un viaje patrocinado por el Ayuntamiento de Juzbado.&nbsp;<\/span><\/p>\n<p style=\"text-align: justify;\"><span style=\"font-family: arial; font-size: medium;\">&nbsp;<\/span><\/p>\n<table align=\"center\" cellpadding=\"0\" cellspacing=\"0\" style=\"margin-left: auto; margin-right: auto;\">\n<tbody>\n<tr>\n<td style=\"text-align: center;\"><a href=\"https:\/\/blogger.googleusercontent.com\/img\/b\/R29vZ2xl\/AVvXsEhshLn8UJinFp_1V7UkERvnUcR7qrvpD0HsYk3GOPW6KCAN2L1j2zbG58Z92VZ5xxb9l7l3N7ZwSr5_l3lsRm1bGBK0VZjJjyV1O828r-iDIYePteSW5NbcHn8zJ3sSzHmDgsjCcS7-5WqGmrHQ0ldLsejyYtHF2SWNcM_Lq_BVw6IjPVxYkLnut7D60FA\/s1600\/WhatsApp%20Image%202023-10-23%20at%2013.18.04(24).jpeg\" style=\"margin-left: auto; margin-right: auto;\"><img loading=\"lazy\" decoding=\"async\" alt=\"Juzbado, Asociaci\u00f3n de mayores, Portugal\" border=\"0\" data-original-height=\"1066\" data-original-width=\"1600\" height=\"426\" src=\"https:\/\/blogger.googleusercontent.com\/img\/b\/R29vZ2xl\/AVvXsEhshLn8UJinFp_1V7UkERvnUcR7qrvpD0HsYk3GOPW6KCAN2L1j2zbG58Z92VZ5xxb9l7l3N7ZwSr5_l3lsRm1bGBK0VZjJjyV1O828r-iDIYePteSW5NbcHn8zJ3sSzHmDgsjCcS7-5WqGmrHQ0ldLsejyYtHF2SWNcM_Lq_BVw6IjPVxYkLnut7D60FA\/w640-h426\/WhatsApp%20Image%202023-10-23%20at%2013.18.04(24).jpeg\" title=\"Juzbado, Asociaci\u00f3n de mayores, Portugal\" width=\"640\" \/><\/a><\/td>\n<\/tr>\n<tr>\n<td style=\"text-align: center;\">Grupo frente al hotel en que se alojaron los participantes (Foto: Miguel A. Miguel)<\/td>\n<\/tr>\n<\/tbody>\n<\/table>\n<p><span style=\"font-family: arial; font-size: medium;\"><br \/><\/span><\/p>\n<p><span><a name='more'><\/a><\/span><\/p>\n<table align=\"center\" cellpadding=\"0\" cellspacing=\"0\" style=\"margin-left: auto; margin-right: auto;\">\n<tbody>\n<tr>\n<td style=\"text-align: center;\"><a href=\"https:\/\/blogger.googleusercontent.com\/img\/b\/R29vZ2xl\/AVvXsEh6rCoLVQrMywUirldvCCUCw1LurI-w0ReK4iGxSiw3J8Tg4POjfrHXyZSiom6D2O_G2WQ9ECaHxbNLBxLsVriECA5-CUtAV42AJVlishSFAiE7SiktHSCVeqXAVE4BJi4EkP2wiIgh97Qz1a3kh2H2ZD0AT64yMoDDXwS_pFXl7izJU0aNzrNkp2U70Ko\/s1600\/WhatsApp%20Image%202023-10-23%20at%2013.18.04.jpeg\" style=\"margin-left: auto; margin-right: auto;\"><img loading=\"lazy\" decoding=\"async\" alt=\"Juzbado, Asociaci\u00f3n de mayores, Portugal\" border=\"0\" data-original-height=\"1066\" data-original-width=\"1600\" height=\"426\" src=\"https:\/\/blogger.googleusercontent.com\/img\/b\/R29vZ2xl\/AVvXsEh6rCoLVQrMywUirldvCCUCw1LurI-w0ReK4iGxSiw3J8Tg4POjfrHXyZSiom6D2O_G2WQ9ECaHxbNLBxLsVriECA5-CUtAV42AJVlishSFAiE7SiktHSCVeqXAVE4BJi4EkP2wiIgh97Qz1a3kh2H2ZD0AT64yMoDDXwS_pFXl7izJU0aNzrNkp2U70Ko\/w640-h426\/WhatsApp%20Image%202023-10-23%20at%2013.18.04.jpeg\" title=\"Juzbado, Asociaci\u00f3n de mayores, Portugal\" width=\"640\" \/><\/a><\/td>\n<\/tr>\n<tr>\n<td style=\"text-align: center;\"><span style=\"font-family: arial;\">Participantes durante una de las paradas. (Foto: Miguel A. Miguel)<\/span><\/td>\n<\/tr>\n<\/tbody>\n<\/table>\n<p><\/p>\n","protected":false},"excerpt":{"rendered":"<p>La activa asociaci\u00f3n de mayores de Juzbado nos regala estas instant\u00e1neas del \u00faltimo de los viajes. En esta ocasi\u00f3n, casi medio centenar de vecinos de Juzbado se han atrevido a atravesar el norte de Portugal visitando las ciudades de Coimbra y Nazar\u00e9, el monasterio de Batalha o el santuario de F\u00e1tima. La tourn\u00e9e por el [&hellip;]<\/p>\n","protected":false},"author":2,"featured_media":0,"comment_status":"open","ping_status":"open","sticky":false,"template":"","format":"standard","meta":{"saved_in_kubio":false,"footnotes":""},"categories":[285,6,46,104,315],"tags":[],"class_list":["post-98","post","type-post","status-publish","format-standard","hentry","category-285","category-asociacion-de-mayores","category-faustino-iglesias","category-octubre","category-portugal"],"_links":{"self":[{"href":"https:\/\/juzbado.es\/nuevaweb\/wp-json\/wp\/v2\/posts\/98","targetHints":{"allow":["GET"]}}],"collection":[{"href":"https:\/\/juzbado.es\/nuevaweb\/wp-json\/wp\/v2\/posts"}],"about":[{"href":"https:\/\/juzbado.es\/nuevaweb\/wp-json\/wp\/v2\/types\/post"}],"author":[{"embeddable":true,"href":"https:\/\/juzbado.es\/nuevaweb\/wp-json\/wp\/v2\/users\/2"}],"replies":[{"embeddable":true,"href":"https:\/\/juzbado.es\/nuevaweb\/wp-json\/wp\/v2\/comments?post=98"}],"version-history":[{"count":0,"href":"https:\/\/juzbado.es\/nuevaweb\/wp-json\/wp\/v2\/posts\/98\/revisions"}],"wp:attachment":[{"href":"https:\/\/juzbado.es\/nuevaweb\/wp-json\/wp\/v2\/media?parent=98"}],"wp:term":[{"taxonomy":"category","embeddable":true,"href":"https:\/\/juzbado.es\/nuevaweb\/wp-json\/wp\/v2\/categories?post=98"},{"taxonomy":"post_tag","embeddable":true,"href":"https:\/\/juzbado.es\/nuevaweb\/wp-json\/wp\/v2\/tags?post=98"}],"curies":[{"name":"wp","href":"https:\/\/api.w.org\/{rel}","templated":true}]}}