{"id":99,"date":"2023-10-24T16:34:00","date_gmt":"2023-10-24T14:34:00","guid":{"rendered":"http:\/\/juzbado.es\/nuevaweb\/2023\/10\/24\/jornada-botanica-de-otono\/"},"modified":"2023-10-24T16:34:00","modified_gmt":"2023-10-24T14:34:00","slug":"jornada-botanica-de-otono","status":"publish","type":"post","link":"https:\/\/juzbado.es\/nuevaweb\/2023\/10\/24\/jornada-botanica-de-otono\/","title":{"rendered":"JORNADA BOT\u00c1NICA DE OTO\u00d1O"},"content":{"rendered":"<p style=\"text-align: justify;\"><span><span style=\"font-family: arial; font-size: medium;\">El d\u00eda s\u00e1bado 4 de noviembre celebramos una nueva<br \/>\njornada bot\u00e1nica en el <a href=\"http:\/\/www.centrobotanicodejuzbado.es\/\" target=\"_blank\"><b>Centro Bot\u00e1nico de Juzbado<\/b><\/a> con Ana Gonz\u00e1lez Garzo y Augusto Krause. &nbsp;Se<br \/>\n trata de la segunda jornada de este a\u00f1o &#8211;<a href=\"https:\/\/juzbado.blogspot.com\/2023\/05\/nueva-jornada-botanica.html\">la primera la celebramos en junio<\/a>&#8211; y la 8\u00aa edici\u00f3n de todas las jornadas bot\u00e1nicas que hemos ido proponiendo a lo largo de estos \u00faltimos a\u00f1os en Juzbado. <\/p>\n<p>En esta ocasi\u00f3n, como novedad, os ofrecemos la opci\u00f3n de disfrutar de una comida popular servida por el <a href=\"https:\/\/maps.app.goo.gl\/7ZJr3tRQmbhfTyoP8\">Bar Restaurante El Toral<\/a>.<br \/>\n &nbsp;Otra de las novedades consiste en un t\u00e9 con pastas al final de la<br \/>\ntarde del s\u00e1bado durante la cual se celebrar\u00e1 adem\u00e1s un sorteo entre los<br \/>\n participantes (con n\u00famero de inscripci\u00f3n) de varias cestas con<br \/>\nproductos de huerta ecol\u00f3gicos de Juzbado (Colaboraci\u00f3n de <a href=\"https:\/\/quercusecologico.com\/\">Quercus Huerta<\/a>).<\/p>\n<p>Las inscripciones (plazas limitadas) se pueden realizar a trav\u00e9s de <b><a href=\"https:\/\/forms.gle\/zebRDWNoKMCTETpM7\" target=\"_blank\">ESTE FORMULARIO<\/a><\/b> hasta el d\u00eda 2 de noviembre (<br \/>\n<span>24:00 h.<\/span><\/p>\n<p>-00:00 h. GMT MADRID). &nbsp;El coste de la jornada bot\u00e1nica es de 10 euros<br \/>\npor persona y, en el caso de quedarse a comer con nosotros, de 20 euros.<br \/>\n &nbsp;En el caso de menores de 14 a\u00f1os la aportaci\u00f3n es gratuita salvo si se<br \/>\n quedan a comer, en cuyo caso abonar\u00e1n 10 \u20ac.<br \/>\n<span><span>Participantes empadronados gratis previa inscripci\u00f3n.<\/span><\/span><\/span><\/span><\/p>\n<p style=\"text-align: justify;\"><span><span style=\"font-family: arial; font-size: medium;\"><span><span><\/span><\/span><\/span><\/span><\/p>\n<div style=\"clear: both; text-align: center;\"><span><span style=\"font-family: arial; font-size: medium;\"><span><span><a href=\"https:\/\/blogger.googleusercontent.com\/img\/b\/R29vZ2xl\/AVvXsEjsH9I8U_RypcwYVJmC-QTwQF2bxDwaHmIu8Z_WV9_6PDZ4gEnESeHLo7hdrPKnz1WP9Js9wvvHRgbWLrw9vPpI-6Oe0hfo0A7Fvta4I-aAfS0jBHlO_xDqOcncTQiCYYIT69gQ4xCP1CW2VHe2KdS_nghf8Bbq39WAk9UXsOHCvv0NKJhhthl8QdvCJeY\/s2480\/cartel%20jornadas%202023%20instagram.jpg\" style=\"margin-left: 1em; margin-right: 1em;\"><img loading=\"lazy\" decoding=\"async\" border=\"0\" data-original-height=\"2480\" data-original-width=\"2480\" height=\"640\" src=\"https:\/\/blogger.googleusercontent.com\/img\/b\/R29vZ2xl\/AVvXsEjsH9I8U_RypcwYVJmC-QTwQF2bxDwaHmIu8Z_WV9_6PDZ4gEnESeHLo7hdrPKnz1WP9Js9wvvHRgbWLrw9vPpI-6Oe0hfo0A7Fvta4I-aAfS0jBHlO_xDqOcncTQiCYYIT69gQ4xCP1CW2VHe2KdS_nghf8Bbq39WAk9UXsOHCvv0NKJhhthl8QdvCJeY\/w640-h640\/cartel%20jornadas%202023%20instagram.jpg\" width=\"640\" \/><\/a><\/span><\/span><\/span><\/span><\/div>\n<p><span><span style=\"font-family: arial; font-size: medium;\"><span><span><br \/><\/span><\/span>El programa consistir\u00e1 en: <br \/>10:30 h. Recepci\u00f3n e inscripci\u00f3n de participantes.<br \/>11:00 h. Visita guiada del Centro Bot\u00e1nico. <br \/>11:30<br \/>\n h. Paseo campero por los entornos de Juzbado y reconocimiento de<br \/>\nplantas silvestres con Ana y Augusto. &nbsp;Salida desde el Centro Bot\u00e1nico. <span style=\"color: #800180;\"><b>En el caso de que llueva, tenemos la opci\u00f3n de recorrer las plantas de Juzbado a trav\u00e9s de los herbarios dentro del Centro Bot\u00e1nico.<\/b><\/span><br \/>14:00 h. &nbsp;Comida popular en sal\u00f3n de actos (opcional y previa inscripci\u00f3n) &nbsp;<br \/>17:00 h. Charla-encuentro sobre plantas \u00fatiles. Sal\u00f3n de actos. <br \/>18:30 h. T\u00e9 con pastas y sorteo de cestas con productos de huerta ecol\u00f3gicos.<\/span><\/span><\/p>\n","protected":false},"excerpt":{"rendered":"<p>El d\u00eda s\u00e1bado 4 de noviembre celebramos una nueva jornada bot\u00e1nica en el Centro Bot\u00e1nico de Juzbado con Ana Gonz\u00e1lez Garzo y Augusto Krause. &nbsp;Se trata de la segunda jornada de este a\u00f1o &#8211;la primera la celebramos en junio&#8211; y la 8\u00aa edici\u00f3n de todas las jornadas bot\u00e1nicas que hemos ido proponiendo a lo largo [&hellip;]<\/p>\n","protected":false},"author":2,"featured_media":0,"comment_status":"open","ping_status":"open","sticky":false,"template":"","format":"standard","meta":{"saved_in_kubio":false,"footnotes":""},"categories":[43,312,81,317,316,82,264],"tags":[],"class_list":["post-99","post","type-post","status-publish","format-standard","hentry","category-43","category-bar-el-toral","category-centro-botanico","category-jornada","category-jornadas-botanicas","category-noviembre","category-quercus-huerta"],"_links":{"self":[{"href":"https:\/\/juzbado.es\/nuevaweb\/wp-json\/wp\/v2\/posts\/99","targetHints":{"allow":["GET"]}}],"collection":[{"href":"https:\/\/juzbado.es\/nuevaweb\/wp-json\/wp\/v2\/posts"}],"about":[{"href":"https:\/\/juzbado.es\/nuevaweb\/wp-json\/wp\/v2\/types\/post"}],"author":[{"embeddable":true,"href":"https:\/\/juzbado.es\/nuevaweb\/wp-json\/wp\/v2\/users\/2"}],"replies":[{"embeddable":true,"href":"https:\/\/juzbado.es\/nuevaweb\/wp-json\/wp\/v2\/comments?post=99"}],"version-history":[{"count":0,"href":"https:\/\/juzbado.es\/nuevaweb\/wp-json\/wp\/v2\/posts\/99\/revisions"}],"wp:attachment":[{"href":"https:\/\/juzbado.es\/nuevaweb\/wp-json\/wp\/v2\/media?parent=99"}],"wp:term":[{"taxonomy":"category","embeddable":true,"href":"https:\/\/juzbado.es\/nuevaweb\/wp-json\/wp\/v2\/categories?post=99"},{"taxonomy":"post_tag","embeddable":true,"href":"https:\/\/juzbado.es\/nuevaweb\/wp-json\/wp\/v2\/tags?post=99"}],"curies":[{"name":"wp","href":"https:\/\/api.w.org\/{rel}","templated":true}]}}